{"id":6596,"date":"2021-03-08T10:48:36","date_gmt":"2021-03-08T09:48:36","guid":{"rendered":"https:\/\/www.urbanyte.art\/?p=6596"},"modified":"2021-03-08T15:36:18","modified_gmt":"2021-03-08T14:36:18","slug":"habitat-gola-hundun","status":"publish","type":"post","link":"https:\/\/www.urbanyte.art\/de\/habitat-gola-hundun\/","title":{"rendered":"GOLA HUNDUN II\/II"},"content":{"rendered":"<section class=\"wpb-content-wrapper\"><p>[vc_row][vc_column][vc_column_text]<\/p>\n<h4>Interview mit dem italienischen K\u00fcnstler Gola Hundun \u00fcber sein neues Projekt HABITAT:<\/h4>\n<p>[\/vc_column_text][\/vc_column][\/vc_row][vc_row equal_height=&#8220;yes&#8220;][vc_column width=&#8220;1\/6&#8243;][vc_empty_space]<div class=\"edgtf-single-image-holder   \">\n    <div class=\"edgtf-si-inner\" >\n                                    <img loading=\"lazy\" decoding=\"async\" width=\"300\" height=\"235\" src=\"https:\/\/www.urbanyte.art\/wp-content\/uploads\/2020\/11\/Quote-Icon-new2-e1605979366731.png\" class=\"attachment-medium size-medium\" alt=\"\" \/>                        <\/div>\n<\/div>[\/vc_column][vc_column width=&#8220;5\/6&#8243;][vc_column_text css=&#8220;.vc_custom_1615124939661{border-top-width: 10px !important;padding-top: 15px !important;}&#8220;]<\/p>\n<h4><em><strong>Das Naturreich hat die menschliche Vorstellungskraft schon immer beeinflusst und gelenkt und wird dies auch weiterhin tun. Die generierende Kraft der Natur ist bis zu einem gewissen Grad ein k\u00fcnstlerischer Akt.<\/strong><\/em><\/h4>\n<p>[\/vc_column_text][vc_empty_space][\/vc_column][\/vc_row][vc_row][vc_column][vc_column_text]<\/p>\n<h5><b><i>HABITAT<\/i><\/b><b> ist eine ethologische und metaphysische Erforschung von Geb\u00e4uden, die urspr\u00fcnglich f\u00fcr menschliche Bed\u00fcrfnisse gebaut wurden, vernachl\u00e4ssigt und in einigen Teilen von verschiedenen Lebewesen wie Pflanzen, Tieren oder Pilzen besiedelt wurden, die Raum und Form ver\u00e4ndert, aber ihre urspr\u00fcngliche Funktion beibehalten haben. Was fasziniert dich an der R\u00fcckgewinnung von Raum durch die Natur?<\/b><\/h5>\n<p><span style=\"font-weight: 400;\">Bist du auf deinem Weg schon einmal einem dieser hybriden Orte begegnet? F\u00fcr mich ist es jedes Mal ein magisches Erlebnis. Die Volumina, die durch das Zusammentreffen der Kanten der Architektur mit den organischen Pflanzenformen entstehen, sind in jeder Hinsicht Skulpturen, bizarr und lebendig. F\u00fcr mich sind sie wie Tempel des Lebens. Und wenn die urspr\u00fcngliche Architektur religi\u00f6s ist, entstehen verst\u00f6rende Echos&#8230; Diese Orte beinhalten bereits das ganze Konzept der Forschung, die Nutzung des Territoriums, die Ver\u00e4nderung der Funktion von nat\u00fcrlich zu anthropisch und wieder naturalisiert, den Lauf der Zeit. Eine sehr interessante \u00c4sthetik meiner Meinung nach. Ein greifbares Beispiel daf\u00fcr, wie das Gesicht des post-anthropoz\u00e4nen Zeitalters sein k\u00f6nnte: Ein Simulakrum einer dystopischen Zukunft, in der der Mensch vor kurzem verschwunden ist. Das Interessante ist dann der erfahrungsbezogene Teil, der mit der Erkundung dieser Orte verbunden ist. Diese Installationen sind zug\u00e4nglich und k\u00f6nnen besucht werden, und jeder kann verschiedene Details in sich aufnehmen. Schlie\u00dflich ist die Realit\u00e4t ein Nebeneinander von Details. Das aufmerksame Auge wird in der Lage sein, das Nest des Gartenrotschwanzes oder die H\u00f6hle des Eichh\u00f6rnchens innerhalb dieser Strukturen zu sehen. Ich nutze auch oft Kamerafallen, um all dies einzufangen. Diese Orte repr\u00e4sentieren die Verbindung zwischen der menschlichen und der nat\u00fcrlichen Welt, den Ber\u00fchrungspunkt zwischen diesen beiden Welten, die zu lange getrennt waren. Das ist ein Konzept, das ich immer versucht habe, in meiner Forschung hervorzubringen: Die Idee der Koexistenz, die ich speziell mit den Arbeiten von <\/span><i><span style=\"font-weight: 400;\">HABITAT<\/span><\/i><span style=\"font-weight: 400;\"> untersuche.<\/span>[\/vc_column_text][vc_empty_space][\/vc_column][\/vc_row][vc_row][vc_column width=&#8220;1\/2&#8243;]<div class=\"edgtf-single-image-holder   \">\n    <div class=\"edgtf-si-inner\" >\n                                    <img loading=\"lazy\" decoding=\"async\" width=\"1308\" height=\"975\" src=\"https:\/\/www.urbanyte.art\/wp-content\/uploads\/2021\/03\/gola-hundun-HABITAT-1.jpg\" class=\"attachment-full size-full\" alt=\"\" srcset=\"https:\/\/www.urbanyte.art\/wp-content\/uploads\/2021\/03\/gola-hundun-HABITAT-1.jpg 1308w, https:\/\/www.urbanyte.art\/wp-content\/uploads\/2021\/03\/gola-hundun-HABITAT-1-300x224.jpg 300w, https:\/\/www.urbanyte.art\/wp-content\/uploads\/2021\/03\/gola-hundun-HABITAT-1-1024x763.jpg 1024w, https:\/\/www.urbanyte.art\/wp-content\/uploads\/2021\/03\/gola-hundun-HABITAT-1-768x572.jpg 768w\" sizes=\"auto, (max-width: 1308px) 100vw, 1308px\" \/>                        <\/div>\n<\/div>[\/vc_column][vc_column width=&#8220;1\/2&#8243;]<div class=\"edgtf-single-image-holder   \">\n    <div class=\"edgtf-si-inner\" >\n                                    <img loading=\"lazy\" decoding=\"async\" width=\"1300\" height=\"975\" src=\"https:\/\/www.urbanyte.art\/wp-content\/uploads\/2021\/03\/DJI_0663-NIGU.jpg\" class=\"attachment-full size-full\" alt=\"\" srcset=\"https:\/\/www.urbanyte.art\/wp-content\/uploads\/2021\/03\/DJI_0663-NIGU.jpg 1300w, https:\/\/www.urbanyte.art\/wp-content\/uploads\/2021\/03\/DJI_0663-NIGU-300x225.jpg 300w, https:\/\/www.urbanyte.art\/wp-content\/uploads\/2021\/03\/DJI_0663-NIGU-1024x768.jpg 1024w, https:\/\/www.urbanyte.art\/wp-content\/uploads\/2021\/03\/DJI_0663-NIGU-768x576.jpg 768w\" sizes=\"auto, (max-width: 1300px) 100vw, 1300px\" \/>                        <\/div>\n<\/div>[\/vc_column][\/vc_row][vc_row][vc_column][vc_column_text]<\/p>\n<h5><b>Was ist dein Ziel mit diesem Projekt? Willst du dokumentieren und informieren, das Bewusstsein sch\u00e4rfen und zum Handeln aufrufen, oder die Abh\u00e4ngigkeit des Menschen von der Natur unterstreichen?\u00a0<\/b><\/h5>\n<p><span style=\"font-weight: 400;\">Mit <\/span><i><span style=\"font-weight: 400;\">HABITAT<\/span><\/i><span style=\"font-weight: 400;\"> hoffe ich, alle diese Ziele zu verfolgen. Ich denke, dass eine bewusste Position unweigerlich auch eine aktive wird, und diese historische Phase, in der bereits Ver\u00e4nderungen in den &#8222;Gleichgewichten&#8220; innerhalb der Gesellschaft und in der nat\u00fcrlichen Welt stattfinden, braucht mehr denn je ein bewusstes, proaktives Handeln, sowohl von unten als auch von oben. Der Wunsch ist es, den Anthropozentrismus zu untersuchen und zu ver\u00e4ndern, der auch heute noch in den meisten Individuen, oft unbewusst, die Grundlage des Denkens und Handelns ist, da er zu einem intrinsischen Axiom der menschlichen Kultur geworden ist, besonders der dominanten westlichen. In jeder Hinsicht ist der Mensch ein Tier, kein Au\u00dferirdischer oder eine Maschine, und als solcher Teil des Naturreiches. Es ist meiner Meinung nach absolut sinnlos, dass wir weiterhin handeln, ohne die Tatsache zu ber\u00fccksichtigen, dass alles miteinander verbunden ist.\u00a0<\/span>[\/vc_column_text][vc_empty_space]<div class=\"edgtf-single-image-holder   \">\n    <div class=\"edgtf-si-inner\" >\n                                    <img loading=\"lazy\" decoding=\"async\" width=\"1300\" height=\"867\" src=\"https:\/\/www.urbanyte.art\/wp-content\/uploads\/2021\/03\/IMG_4588.jpg\" class=\"attachment-full size-full\" alt=\"\" srcset=\"https:\/\/www.urbanyte.art\/wp-content\/uploads\/2021\/03\/IMG_4588.jpg 1300w, https:\/\/www.urbanyte.art\/wp-content\/uploads\/2021\/03\/IMG_4588-300x200.jpg 300w, https:\/\/www.urbanyte.art\/wp-content\/uploads\/2021\/03\/IMG_4588-1024x683.jpg 1024w, https:\/\/www.urbanyte.art\/wp-content\/uploads\/2021\/03\/IMG_4588-768x512.jpg 768w\" sizes=\"auto, (max-width: 1300px) 100vw, 1300px\" \/>                        <\/div>\n<\/div>[\/vc_column][\/vc_row][vc_row][vc_column][vc_column_text]<\/p>\n<h5><b>Wie gehst du methodisch und organisatorisch an das Projekt heran?\u00a0<\/b><\/h5>\n<p><span style=\"font-weight: 400;\">Leider hat das Wort \u2018methodisch\u2019 nicht viel mit mir zu tun, hahaha. Manchmal brauche ich ein bisschen mehr Methode, aber ich bin ein Fan von Experimenten und st\u00e4ndiger Ver\u00e4nderung. Durch Erkundungsmissionen auch an weit entfernte Orte habe ich eine Art <\/span><i><span style=\"font-weight: 400;\">modus operandi<\/span><\/i><span style=\"font-weight: 400;\"> entwickelt. In der Regel gibt es eine Inspektionsphase der Ruine von Interesse (bemerkt w\u00e4hrend einer Wanderung, gesehen durch das Fenster des fahrenden Autos oder entdeckt auf einem Mapping-Blog). In letzter Zeit habe ich mich auf Inloco.eu bezogen, ein Projekt von &#8222;spazi indecisi&#8220;, einem Kulturverein in Forlimpopoli, das eine auf die Emilia Romagna geeichte Ruinenkarte zur Verf\u00fcgung stellt, perfekt f\u00fcr mich, da dies im Moment mein Hauptuntersuchungsgebiet ist. Einmal an der Ruine angekommen, bleibe ich in der Kontemplation ihrer Formen und verstehe, wie und ob ich mit R\u00fccksicht auf ihre Heiligkeit eingreifen soll; sehr oft entscheide ich mich f\u00fcr entfernbare Eingriffe, gerade weil diese Orte f\u00fcr mich magisch sind und durch das generative Chaos perfekt gemacht werden. In dieser Phase stelle ich manchmal eine Fotofalle auf, um das Tierleben des verlorenen Tempels einzufangen. Die Tiere werden zu F\u00fchrern f\u00fcr die Kamerabewegungen der Videoaufnahmen, die die jeweilige Ruine portr\u00e4tieren, als ob die Kamera selbst zum Tier wird, das sie bev\u00f6lkert.<\/span><\/p>\n<p><span style=\"font-weight: 400;\">Im zweiten Schritt kehre ich zur Ruine zur\u00fcck, bewaffnet mit Werkzeugen, Wandfarben oder Bannern f\u00fcr die Intervention und begleitet von der anderen H\u00e4lfte des HABITAT-Projekts, Johanna Invrea (aka Irana Credi), die f\u00fcr den fotografischen und videodokumentarischen Teil des Projekts verantwortlich sowie Co-Videoregisseurin ist. Johannas Fotos werden nicht nur zu dokumentarischen, sondern auch zu realen Artefakten in der Forschung, die ich in den letzten Monaten \u00fcber Messingdrucke und damit verbundene Oxidationen erforscht habe.\u00a0\u00a0\u00a0<\/span><\/p>\n<p>[\/vc_column_text][vc_empty_space]<div class=\"edgtf-single-image-holder   \">\n    <div class=\"edgtf-si-inner\" >\n                                    <img loading=\"lazy\" decoding=\"async\" width=\"1300\" height=\"731\" src=\"https:\/\/www.urbanyte.art\/wp-content\/uploads\/2021\/03\/DJI_0120_1.jpg\" class=\"attachment-full size-full\" alt=\"\" srcset=\"https:\/\/www.urbanyte.art\/wp-content\/uploads\/2021\/03\/DJI_0120_1.jpg 1300w, https:\/\/www.urbanyte.art\/wp-content\/uploads\/2021\/03\/DJI_0120_1-300x169.jpg 300w, https:\/\/www.urbanyte.art\/wp-content\/uploads\/2021\/03\/DJI_0120_1-1024x576.jpg 1024w, https:\/\/www.urbanyte.art\/wp-content\/uploads\/2021\/03\/DJI_0120_1-768x432.jpg 768w\" sizes=\"auto, (max-width: 1300px) 100vw, 1300px\" \/>                        <\/div>\n<\/div>[\/vc_column][\/vc_row][vc_row][vc_column width=&#8220;2\/3&#8243; css=&#8220;.vc_custom_1605308793996{margin-top: 32px !important;}&#8220;][vc_column_text]<\/p>\n<h5><b>W\u00fcrdest du deinen Ansatz als eher k\u00fcnstlerisch, wissenschaftlich oder umweltorientiert beschreiben?\u00a0<\/b><\/h5>\n<p><span style=\"font-weight: 400;\">Unweigerlich w\u00fcrde ich sagen, dass es sich um eine Hybridisierung der drei handelt. Ich m\u00f6chte jedoch hinzuf\u00fcgen, dass meine Neugier auf Lebewesen und noch mehr auf deren Interaktion von einer gewissen Faszination f\u00fcr das Leben selbst angetrieben wird, verstanden als eine generierende Kraft in seinem magischsten und geheimnisvollsten Sinne.\u00a0<\/span><\/p>\n<p><span style=\"font-weight: 400;\">Von diesem Standpunkt aus gesehen, denke ich, dass meine Arbeit einen fast spirituellen Charakter hat, was vielleicht der intimste und urspr\u00fcnglichste Antrieb meines Bed\u00fcrfnisses zu gestalten ist, vielleicht mehr als andere Dinge, die eine Br\u00fccke des Kontakts mit dem realen Raum sind.<\/span><\/p>\n<p><span style=\"font-weight: 400;\">Das Staunen \u00fcber die M\u00f6glichkeiten der Existenz, das Fantasieren dar\u00fcber, wie es sein k\u00f6nnte, auf eine andere Art und Weise, in der Welt zu leben bzw. zu koexistieren, oder wie es in pr\u00e4historischen Zeiten war, oder sogar bevor sich die Spezies Homo sapiens entwickelte&#8230; Das ist es, was oft zwischen meinen Augen und meinem Gehirn widerhallt. <\/span>[\/vc_column_text][vc_column_text]<\/p>\n<h5><b>Verwendest du auch nat\u00fcrliche oder umweltfreundliche Farben, wenn du Wandbilder oder andere Arbeiten machst?\u00a0<\/b><\/h5>\n<p><span style=\"font-weight: 400;\">Seit einiger Zeit habe ich das Bed\u00fcrfnis, von synthetischen Farben abzur\u00fccken, aus ethischen Gr\u00fcnden und der Kontinuit\u00e4t des Denkens dar\u00fcber, was ich eigentlich produziere. Im Jahr 2015 habe ich angefangen, meine eigenen Untergr\u00fcnde zu pr\u00e4parieren und so die Verwendung von Kaninchenleim in meinen Leinw\u00e4nden zu vermeiden. Seit einem Jahr experimentiere ich mit Eco-Printing, der australischen Drucktechnik, die nat\u00fcrliche Pflanzenpigmente verwendet, sowohl auf Leinwand als auch auf Papier. In letzter Zeit habe ich zaghaft begonnen, mit nat\u00fcrlichen \u00d6lfarben zu malen, um die Acrylfarben zu ersetzen, die bisher das Hauptmaterial meiner Malerei waren. Auch f\u00fcr Skulpturen oder Installationen versuche ich, mit nat\u00fcrlichen Materialien wie Ton, Schilf, \u00c4sten und Stoffen zu arbeiten, besteht manchmal das Bed\u00fcrfnis, jene Materialien zu verwenden, die den Brutalismus menschlicher Konstruktion repr\u00e4sentieren, um den Kontrast weiter zu betonen&#8230;\u00a0 Dies ist definitiv ein Moment der Ver\u00e4nderung und des Experimentierens f\u00fcr mich&#8230; Schlie\u00dflich bin ich schon immer in diesem Sinne an das Tun herangegangen und k\u00f6nnte es nicht anders leben. In Sachen Muralismus w\u00fcrde ich gerne anfangen, mehr mit nat\u00fcrlichen Farben zu arbeiten, obwohl es bis jetzt keine mineralischen L\u00f6sungen gibt, die f\u00fcr meine Arbeitsweise und Vorstellungen praktisch und chromatisch zufriedenstellend sind, aber ich hoffe, dass sich die Dinge \u00e4ndern werden, oder ich werde meine Farben auch selbst herstellen m\u00fcssen :).<\/span>[\/vc_column_text][vc_empty_space][\/vc_column][vc_column width=&#8220;1\/3&#8243;][vc_empty_space height=&#8220;70px&#8220;]<div class=\"edgtf-single-image-holder   \">\n    <div class=\"edgtf-si-inner\" >\n                                    <img loading=\"lazy\" decoding=\"async\" width=\"448\" height=\"731\" src=\"https:\/\/www.urbanyte.art\/wp-content\/uploads\/2021\/03\/DSCF1626.jpg\" class=\"attachment-full size-full\" alt=\"\" srcset=\"https:\/\/www.urbanyte.art\/wp-content\/uploads\/2021\/03\/DSCF1626.jpg 448w, https:\/\/www.urbanyte.art\/wp-content\/uploads\/2021\/03\/DSCF1626-184x300.jpg 184w\" sizes=\"auto, (max-width: 448px) 100vw, 448px\" \/>                        <\/div>\n<\/div>[\/vc_column][\/vc_row][vc_row][vc_column width=&#8220;1\/2&#8243;]<div class=\"edgtf-single-image-holder   \">\n    <div class=\"edgtf-si-inner\" >\n                                    <img loading=\"lazy\" decoding=\"async\" width=\"1300\" height=\"867\" src=\"https:\/\/www.urbanyte.art\/wp-content\/uploads\/2021\/03\/CIK2611ok.jpg\" class=\"attachment-full size-full\" alt=\"\" srcset=\"https:\/\/www.urbanyte.art\/wp-content\/uploads\/2021\/03\/CIK2611ok.jpg 1300w, https:\/\/www.urbanyte.art\/wp-content\/uploads\/2021\/03\/CIK2611ok-300x200.jpg 300w, https:\/\/www.urbanyte.art\/wp-content\/uploads\/2021\/03\/CIK2611ok-1024x683.jpg 1024w, https:\/\/www.urbanyte.art\/wp-content\/uploads\/2021\/03\/CIK2611ok-768x512.jpg 768w\" sizes=\"auto, (max-width: 1300px) 100vw, 1300px\" \/>                        <\/div>\n<\/div>[\/vc_column][vc_column width=&#8220;1\/2&#8243;]<div class=\"edgtf-single-image-holder   \">\n    <div class=\"edgtf-si-inner\" >\n                                    <img loading=\"lazy\" decoding=\"async\" width=\"1300\" height=\"867\" src=\"https:\/\/www.urbanyte.art\/wp-content\/uploads\/2021\/03\/DSCF1823.jpg\" class=\"attachment-full size-full\" alt=\"\" srcset=\"https:\/\/www.urbanyte.art\/wp-content\/uploads\/2021\/03\/DSCF1823.jpg 1300w, https:\/\/www.urbanyte.art\/wp-content\/uploads\/2021\/03\/DSCF1823-300x200.jpg 300w, https:\/\/www.urbanyte.art\/wp-content\/uploads\/2021\/03\/DSCF1823-1024x683.jpg 1024w, https:\/\/www.urbanyte.art\/wp-content\/uploads\/2021\/03\/DSCF1823-768x512.jpg 768w\" sizes=\"auto, (max-width: 1300px) 100vw, 1300px\" \/>                        <\/div>\n<\/div>[\/vc_column][\/vc_row][vc_row][vc_column css=&#8220;.vc_custom_1605308793996{margin-top: 32px !important;}&#8220;][vc_column_text]<\/p>\n<h5><b>Zus\u00e4tzlich zu deiner Arbeit als Maler, kreierst du auch Installationen im \u00f6ffentlichen Raum, die Fasern und lebende Pflanzen, aber auch Musik und Live-Performances mit einbeziehen. Kannst du uns ein wenig mehr dar\u00fcber erz\u00e4hlen, was du f\u00fcr <\/b><b><i>HABITAT<\/i><\/b><b> geplant hast?<\/b><\/h5>\n<p><span style=\"font-weight: 400;\">Der urbane Teil des HABITAT-Projekts umfasst Installationen und Wandmalereien, die die Pr\u00e4senz von lebenden Pflanzen als kompositorisches Element einbeziehen, auch in Hybridisierung mit der Bildsprache an den Fassaden. Ich verwende die vertikale Gartentechnik \u00e0 la Patrick Blanc (mit relativen Nisth\u00e4usern f\u00fcr verschiedene Arten von Stadttieren wie Flederm\u00e4usen, V\u00f6geln, K\u00e4fern&#8230;) und ich tue es vor allem mit dem Ziel, die R\u00fcckkehr der Natur innerhalb des anthropischen Raums nicht nur auf allegorische, sondern auch auf praktische Weise zu erm\u00f6glichen. Das Laub und die Bl\u00fcten der installierten Pflanzen stellen eine interessante Attraktion f\u00fcr Insekten und Stadtv\u00f6gel dar. Ich konnte es mit meinen eigenen Augen beobachten, sobald ich die erste Wand, die mit dieser Technik gemacht wurde, im letzten Sommer in Forl\u00ec fertiggestellt hatte: ein ausgewachsener Kolibri-Schmetterling kam \u00fcber die Ligusterbl\u00fcten gesaust und zeigte mir eine kleine Gruppe von flatternden K\u00e4fern. Es war aufregend!<\/span><\/p>\n<p><span style=\"font-weight: 400;\">Ein weiterer wichtiger Teil des HABITAT-Projekts ist der Film. Die Reihe von Erkundungen und Abenteuern rund um die Geb\u00e4ude, die zu etwas anderem geworden sind, wird zu einem Film verdichtet, der in Zusammenarbeit mit Johanna Invrea als Co-Regisseurin und Filmemacherin entsteht. Der Film wird eine Vision einer fast dystopischen Zukunft sein, unmittelbar nach dem Ende des Anthropoz\u00e4ns, mit einem spezifischen Blick auf die territoriale Realit\u00e4t der Emilia Romagna. Wir arbeiten auch mit Emanuele Volpondi f\u00fcr die Drohnenaufnahmen und mit Tommaso Campana (Naturalist und Umwelt-Exkursionsf\u00fchrer) f\u00fcr die Makroaufnahmen zusammen. Der Film wird auch ein hervorragender Vorwand, um wieder Musik und Sound zu kreieren, ein Bereich, in dem ich schon seit langem wieder kreativ werden wollte. Ich werde mich pers\u00f6nlich an dieser Front engagieren, nat\u00fcrlich beraten und unterst\u00fctzt von echten Musikern: Dimitri Reali und Paolo Baldini (Ponzio Pilates), Simone Marzocchi (Sibode dj) und Francesco Bucci (Ottone Pesante).<\/span>[\/vc_column_text][vc_empty_space]<div class=\"edgtf-single-image-holder   \">\n    <div class=\"edgtf-si-inner\" >\n                                    <img loading=\"lazy\" decoding=\"async\" width=\"1300\" height=\"731\" src=\"https:\/\/www.urbanyte.art\/wp-content\/uploads\/2021\/03\/C0011_1.jpg\" class=\"attachment-full size-full\" alt=\"\" srcset=\"https:\/\/www.urbanyte.art\/wp-content\/uploads\/2021\/03\/C0011_1.jpg 1300w, https:\/\/www.urbanyte.art\/wp-content\/uploads\/2021\/03\/C0011_1-300x169.jpg 300w, https:\/\/www.urbanyte.art\/wp-content\/uploads\/2021\/03\/C0011_1-1024x576.jpg 1024w, https:\/\/www.urbanyte.art\/wp-content\/uploads\/2021\/03\/C0011_1-768x432.jpg 768w\" sizes=\"auto, (max-width: 1300px) 100vw, 1300px\" \/>                        <\/div>\n<\/div>[\/vc_column][\/vc_row][vc_row][vc_column css=&#8220;.vc_custom_1605308793996{margin-top: 32px !important;}&#8220;][vc_column_text]<\/p>\n<h5><b>Glaubst du an die Symbiose zwischen Kunst und Natur? Denkst du, dass urbane Kunst die Gesellschaft beeinflussen kann?<\/b><\/h5>\n<p><span style=\"font-weight: 400;\">Das Naturreich hat die menschliche Vorstellungskraft schon immer beeinflusst und gelenkt und wird dies auch weiterhin tun. Die generierende Kraft der Natur ist bis zu einem gewissen Grad ein k\u00fcnstlerischer Akt.<\/span><\/p>\n<p><span style=\"font-weight: 400;\">Ich glaube, dass die Umgebung, wie auch die eigenen Erfahrungen und die Erziehung, einen starken Einfluss auf die Kultur und die Entwicklung eines jeden Individuums haben; daher denke ich, dass urbane Kunst auch eine fundamentale Rolle dabei spielt, und wir Muralisten, die das Privileg haben, \u00fcber einen so m\u00e4chtigen Kommunikationskanal zu verf\u00fcgen, der von vielen genossen wird, haben auch eine intrinsische Pflicht, die Fassaden bewusst zu nutzen, um eine Botschaft zu senden, anstatt Dekoration zu gestalten, die sich der endlosen Reihe von Werbung und Plakaten in der Stadt anschlie\u00dft.\u00a0<\/span>[\/vc_column_text][vc_empty_space][\/vc_column][\/vc_row][vc_row][vc_column width=&#8220;1\/2&#8243;]<div class=\"edgtf-single-image-holder   \">\n    <div class=\"edgtf-si-inner\" >\n                                    <img loading=\"lazy\" decoding=\"async\" width=\"1300\" height=\"868\" src=\"https:\/\/www.urbanyte.art\/wp-content\/uploads\/2021\/03\/DSC04909.jpg\" class=\"attachment-full size-full\" alt=\"\" srcset=\"https:\/\/www.urbanyte.art\/wp-content\/uploads\/2021\/03\/DSC04909.jpg 1300w, https:\/\/www.urbanyte.art\/wp-content\/uploads\/2021\/03\/DSC04909-300x200.jpg 300w, https:\/\/www.urbanyte.art\/wp-content\/uploads\/2021\/03\/DSC04909-1024x684.jpg 1024w, https:\/\/www.urbanyte.art\/wp-content\/uploads\/2021\/03\/DSC04909-768x513.jpg 768w\" sizes=\"auto, (max-width: 1300px) 100vw, 1300px\" \/>                        <\/div>\n<\/div>[\/vc_column][vc_column width=&#8220;1\/2&#8243;]<div class=\"edgtf-single-image-holder   \">\n    <div class=\"edgtf-si-inner\" >\n                                    <img loading=\"lazy\" decoding=\"async\" width=\"1303\" height=\"868\" src=\"https:\/\/www.urbanyte.art\/wp-content\/uploads\/2021\/03\/DSCF2130-copy-1.jpg\" class=\"attachment-full size-full\" alt=\"\" srcset=\"https:\/\/www.urbanyte.art\/wp-content\/uploads\/2021\/03\/DSCF2130-copy-1.jpg 1303w, https:\/\/www.urbanyte.art\/wp-content\/uploads\/2021\/03\/DSCF2130-copy-1-300x200.jpg 300w, https:\/\/www.urbanyte.art\/wp-content\/uploads\/2021\/03\/DSCF2130-copy-1-1024x682.jpg 1024w, https:\/\/www.urbanyte.art\/wp-content\/uploads\/2021\/03\/DSCF2130-copy-1-768x512.jpg 768w\" sizes=\"auto, (max-width: 1303px) 100vw, 1303px\" \/>                        <\/div>\n<\/div>[\/vc_column][\/vc_row][vc_row][vc_column css=&#8220;.vc_custom_1605308793996{margin-top: 32px !important;}&#8220;][vc_column_text]<\/p>\n<h5><b>F\u00fcr alle, die jetzt neugierig geworden sind und mehr von HABITAT sehen wollen: Wie wird das Projekt dieses Jahr weitergehen? Wann und wo werden wir die Gelegenheit haben, deine Arbeit zu sehen?<\/b><\/h5>\n<p><span style=\"font-weight: 400;\">Das Jahr 2021 ist voller Herausforderungen und neuer Abenteuer! Ich werde fast meine gesamte Produktion in gro\u00dfem Umfang HABITAT widmen: Es wird eine gro\u00dfe Intervention in Italien geben, eine erste gro\u00dfe Ausstellung (an der ich gerade arbeite), und dann geht es (so bald wie m\u00f6glich) auf verschiedene internationale B\u00fchnen. Parallel zu den k\u00fcnstlerischen Aktionen wird ein besonderes Augenmerk auf die Bildung von Diskussionsrunden zu Themen rund um das Projekt gelegt, unter aktiver Einbeziehung von Akademikern, Technikern und Experten f\u00fcr Architektur, Landschaft und Umwelt.<\/span><\/p>\n<p><span style=\"font-weight: 400;\">Die Etappen und Entwicklungen des HABITAT-Projekts k\u00f6nnen auf meiner Website und auf Instagram verfolgt werden. Wir freuen uns auch \u00fcber Berichte und \u00dcberlegungen zu diesem Thema von allen!<\/span>[\/vc_column_text][vc_empty_space]<div class=\"edgtf-single-image-holder   \">\n    <div class=\"edgtf-si-inner\" >\n                                    <img loading=\"lazy\" decoding=\"async\" width=\"1300\" height=\"929\" src=\"https:\/\/www.urbanyte.art\/wp-content\/uploads\/2021\/03\/DSC05381.jpg\" class=\"attachment-full size-full\" alt=\"\" srcset=\"https:\/\/www.urbanyte.art\/wp-content\/uploads\/2021\/03\/DSC05381.jpg 1300w, https:\/\/www.urbanyte.art\/wp-content\/uploads\/2021\/03\/DSC05381-300x214.jpg 300w, https:\/\/www.urbanyte.art\/wp-content\/uploads\/2021\/03\/DSC05381-1024x732.jpg 1024w, https:\/\/www.urbanyte.art\/wp-content\/uploads\/2021\/03\/DSC05381-768x549.jpg 768w\" sizes=\"auto, (max-width: 1300px) 100vw, 1300px\" \/>                        <\/div>\n<\/div>[\/vc_column][\/vc_row][vc_row][vc_column css=&#8220;.vc_custom_1605308793996{margin-top: 32px !important;}&#8220;][vc_column_text]GOLA HUNDUN<\/p>\n<p>Rimini, Italien<\/p>\n<p><strong><a href=\"https:\/\/www.golahundun.com\" target=\"_blank\" rel=\"noopener\">golahundun.com<\/a><\/strong><\/p>\n<p><span style=\"font-weight: 400;\">Instagram <strong><a href=\"https:\/\/www.instagram.com\/golahundun\/\" target=\"_blank\" rel=\"noopener\">golahundun<\/a><\/strong><\/span><\/p>\n<p>Facebook <strong><a href=\"https:\/\/www.facebook.com\/golahundun\" target=\"_blank\" rel=\"noopener\">golahundun<\/a><\/strong>[\/vc_column_text][\/vc_column][\/vc_row][vc_row css=&#8220;.vc_custom_1605313463281{margin-top: 5px !important;border-top-width: 20px !important;}&#8220;][vc_column][vc_column_text]_______________________________________<\/p>\n<p>&nbsp;<\/p>\n<p>Bilder \u00a9 GOLA HUNDUN<\/p>\n<p>&nbsp;<\/p>\n<p>M\u00e4rz 2021[\/vc_column_text][\/vc_column][\/vc_row]<\/p>\n<\/section>","protected":false},"excerpt":{"rendered":"<p>Interview mit dem italienischen K\u00fcnstler Gola Hundun \u00fcber sein neues Projekt HABITAT: &#8222;Das Naturreich hat die menschliche Vorstellungskraft schon immer beeinflusst und gelenkt und wird dies auch weiterhin tun. Die generierende Kraft der Natur ist bis zu einem gewissen Grad ein k\u00fcnstlerischer Akt.&#8220;<\/p>\n","protected":false},"author":1,"featured_media":6604,"comment_status":"closed","ping_status":"open","sticky":false,"template":"","format":"standard","meta":{"_mi_skip_tracking":false,"footnotes":""},"categories":[122],"tags":[124,208,203,217],"class_list":["post-6596","post","type-post","status-publish","format-standard","has-post-thumbnail","hentry","category-urban-talks-de-2","tag-interview-de","tag-italien","tag-muralist-de","tag-nature-de"],"yoast_head":"<!-- This site is optimized with the Yoast SEO plugin v20.6 - https:\/\/yoast.com\/wordpress\/plugins\/seo\/ -->\n<title>URBAN.TALKS - GOLA HUNDUN II\/II - URBANYTE<\/title>\n<meta name=\"description\" content=\"Interview mit dem italienischen K\u00fcnstler Gola Hundun \u00fcber sein neues Projekt HABITAT: &quot;Das Naturreich hat die menschliche Vorstellungskraft schon immer beeinflusst und gelenkt und wird dies auch weiterhin tun. Die generierende Kraft der Natur ist bis zu einem gewissen Grad ein k\u00fcnstlerischer Akt.&quot;\" \/>\n<meta name=\"robots\" content=\"index, follow, max-snippet:-1, max-image-preview:large, max-video-preview:-1\" \/>\n<link rel=\"canonical\" href=\"https:\/\/www.urbanyte.art\/de\/habitat-gola-hundun\/\" \/>\n<meta property=\"og:locale\" content=\"de_DE\" \/>\n<meta property=\"og:type\" content=\"article\" \/>\n<meta property=\"og:title\" content=\"URBAN.TALKS - GOLA HUNDUN II\/II - URBANYTE\" \/>\n<meta property=\"og:description\" content=\"Interview mit dem italienischen K\u00fcnstler Gola Hundun \u00fcber sein neues Projekt HABITAT: &quot;Das Naturreich hat die menschliche Vorstellungskraft schon immer beeinflusst und gelenkt und wird dies auch weiterhin tun. Die generierende Kraft der Natur ist bis zu einem gewissen Grad ein k\u00fcnstlerischer Akt.&quot;\" \/>\n<meta property=\"og:url\" content=\"https:\/\/www.urbanyte.art\/de\/habitat-gola-hundun\/\" \/>\n<meta property=\"og:site_name\" content=\"URBANYTE\" \/>\n<meta property=\"article:publisher\" content=\"https:\/\/www.facebook.com\/urbanyte.art\" \/>\n<meta property=\"article:author\" content=\"https:\/\/www.facebook.com\/urbanyte.art\/\" \/>\n<meta property=\"article:published_time\" content=\"2021-03-08T09:48:36+00:00\" \/>\n<meta property=\"article:modified_time\" content=\"2021-03-08T14:36:18+00:00\" \/>\n<meta property=\"og:image\" content=\"https:\/\/www.urbanyte.art\/wp-content\/uploads\/2021\/03\/POST-Feature-Image.jpg\" \/>\n\t<meta property=\"og:image:width\" content=\"1300\" \/>\n\t<meta property=\"og:image:height\" content=\"730\" \/>\n\t<meta property=\"og:image:type\" content=\"image\/jpeg\" \/>\n<meta name=\"author\" content=\"URBANYTE\" \/>\n<meta name=\"twitter:card\" content=\"summary_large_image\" \/>\n<meta name=\"twitter:label1\" content=\"Verfasst von\" \/>\n\t<meta name=\"twitter:data1\" content=\"URBANYTE\" \/>\n\t<meta name=\"twitter:label2\" content=\"Gesch\u00e4tzte Lesezeit\" \/>\n\t<meta name=\"twitter:data2\" content=\"7\u00a0Minuten\" \/>\n<script type=\"application\/ld+json\" class=\"yoast-schema-graph\">{\"@context\":\"https:\/\/schema.org\",\"@graph\":[{\"@type\":\"Article\",\"@id\":\"https:\/\/www.urbanyte.art\/de\/habitat-gola-hundun\/#article\",\"isPartOf\":{\"@id\":\"https:\/\/www.urbanyte.art\/de\/habitat-gola-hundun\/\"},\"author\":{\"name\":\"URBANYTE\",\"@id\":\"https:\/\/www.urbanyte.art\/de\/#\/schema\/person\/cba1493b26e05acb123c4aff893f31b3\"},\"headline\":\"GOLA HUNDUN II\/II\",\"datePublished\":\"2021-03-08T09:48:36+00:00\",\"dateModified\":\"2021-03-08T14:36:18+00:00\",\"mainEntityOfPage\":{\"@id\":\"https:\/\/www.urbanyte.art\/de\/habitat-gola-hundun\/\"},\"wordCount\":2329,\"publisher\":{\"@id\":\"https:\/\/www.urbanyte.art\/de\/#organization\"},\"keywords\":[\"interview\",\"Italien\",\"muralist\",\"nature\"],\"articleSection\":[\"URBAN.TALKS\"],\"inLanguage\":\"de\"},{\"@type\":\"WebPage\",\"@id\":\"https:\/\/www.urbanyte.art\/de\/habitat-gola-hundun\/\",\"url\":\"https:\/\/www.urbanyte.art\/de\/habitat-gola-hundun\/\",\"name\":\"URBAN.TALKS - GOLA HUNDUN II\/II - URBANYTE\",\"isPartOf\":{\"@id\":\"https:\/\/www.urbanyte.art\/de\/#website\"},\"datePublished\":\"2021-03-08T09:48:36+00:00\",\"dateModified\":\"2021-03-08T14:36:18+00:00\",\"description\":\"Interview mit dem italienischen K\u00fcnstler Gola Hundun \u00fcber sein neues Projekt HABITAT: \\\"Das Naturreich hat die menschliche Vorstellungskraft schon immer beeinflusst und gelenkt und wird dies auch weiterhin tun. Die generierende Kraft der Natur ist bis zu einem gewissen Grad ein k\u00fcnstlerischer Akt.\\\"\",\"breadcrumb\":{\"@id\":\"https:\/\/www.urbanyte.art\/de\/habitat-gola-hundun\/#breadcrumb\"},\"inLanguage\":\"de\",\"potentialAction\":[{\"@type\":\"ReadAction\",\"target\":[\"https:\/\/www.urbanyte.art\/de\/habitat-gola-hundun\/\"]}]},{\"@type\":\"BreadcrumbList\",\"@id\":\"https:\/\/www.urbanyte.art\/de\/habitat-gola-hundun\/#breadcrumb\",\"itemListElement\":[{\"@type\":\"ListItem\",\"position\":1,\"name\":\"Home\",\"item\":\"https:\/\/www.urbanyte.art\/de\/\"},{\"@type\":\"ListItem\",\"position\":2,\"name\":\"GOLA HUNDUN II\/II\"}]},{\"@type\":\"WebSite\",\"@id\":\"https:\/\/www.urbanyte.art\/de\/#website\",\"url\":\"https:\/\/www.urbanyte.art\/de\/\",\"name\":\"URBANYTE\",\"description\":\"urban and independent contemporary art\",\"publisher\":{\"@id\":\"https:\/\/www.urbanyte.art\/de\/#organization\"},\"potentialAction\":[{\"@type\":\"SearchAction\",\"target\":{\"@type\":\"EntryPoint\",\"urlTemplate\":\"https:\/\/www.urbanyte.art\/de\/?s={search_term_string}\"},\"query-input\":\"required name=search_term_string\"}],\"inLanguage\":\"de\"},{\"@type\":\"Organization\",\"@id\":\"https:\/\/www.urbanyte.art\/de\/#organization\",\"name\":\"URBANYTE\",\"url\":\"https:\/\/www.urbanyte.art\/de\/\",\"logo\":{\"@type\":\"ImageObject\",\"inLanguage\":\"de\",\"@id\":\"https:\/\/www.urbanyte.art\/de\/#\/schema\/logo\/image\/\",\"url\":\"https:\/\/www.urbanyte.art\/wp-content\/uploads\/2020\/11\/URBANYTE_padded_logo.png\",\"contentUrl\":\"https:\/\/www.urbanyte.art\/wp-content\/uploads\/2020\/11\/URBANYTE_padded_logo.png\",\"width\":512,\"height\":512,\"caption\":\"URBANYTE\"},\"image\":{\"@id\":\"https:\/\/www.urbanyte.art\/de\/#\/schema\/logo\/image\/\"},\"sameAs\":[\"https:\/\/www.facebook.com\/urbanyte.art\",\"https:\/\/www.instagram.com\/urbanyte.art\/\",\"https:\/\/www.linkedin.com\/company\/urbanyte\"]},{\"@type\":\"Person\",\"@id\":\"https:\/\/www.urbanyte.art\/de\/#\/schema\/person\/cba1493b26e05acb123c4aff893f31b3\",\"name\":\"URBANYTE\",\"image\":{\"@type\":\"ImageObject\",\"inLanguage\":\"de\",\"@id\":\"https:\/\/www.urbanyte.art\/de\/#\/schema\/person\/image\/\",\"url\":\"https:\/\/secure.gravatar.com\/avatar\/2766a446626d719d2a44e941c3e107ef951bdb15674ed9d7f5b897068d8157ac?s=96&d=mm&r=g\",\"contentUrl\":\"https:\/\/secure.gravatar.com\/avatar\/2766a446626d719d2a44e941c3e107ef951bdb15674ed9d7f5b897068d8157ac?s=96&d=mm&r=g\",\"caption\":\"URBANYTE\"},\"sameAs\":[\"http:\/\/www.urbanyte.art\",\"https:\/\/www.facebook.com\/urbanyte.art\/\",\"https:\/\/www.instagram.com\/urbanyte.art\/\",\"https:\/\/www.linkedin.com\/company\/urbanyte\"]}]}<\/script>\n<!-- \/ Yoast SEO plugin. -->","yoast_head_json":{"title":"URBAN.TALKS - GOLA HUNDUN II\/II - URBANYTE","description":"Interview mit dem italienischen K\u00fcnstler Gola Hundun \u00fcber sein neues Projekt HABITAT: \"Das Naturreich hat die menschliche Vorstellungskraft schon immer beeinflusst und gelenkt und wird dies auch weiterhin tun. Die generierende Kraft der Natur ist bis zu einem gewissen Grad ein k\u00fcnstlerischer Akt.\"","robots":{"index":"index","follow":"follow","max-snippet":"max-snippet:-1","max-image-preview":"max-image-preview:large","max-video-preview":"max-video-preview:-1"},"canonical":"https:\/\/www.urbanyte.art\/de\/habitat-gola-hundun\/","og_locale":"de_DE","og_type":"article","og_title":"URBAN.TALKS - GOLA HUNDUN II\/II - URBANYTE","og_description":"Interview mit dem italienischen K\u00fcnstler Gola Hundun \u00fcber sein neues Projekt HABITAT: \"Das Naturreich hat die menschliche Vorstellungskraft schon immer beeinflusst und gelenkt und wird dies auch weiterhin tun. Die generierende Kraft der Natur ist bis zu einem gewissen Grad ein k\u00fcnstlerischer Akt.\"","og_url":"https:\/\/www.urbanyte.art\/de\/habitat-gola-hundun\/","og_site_name":"URBANYTE","article_publisher":"https:\/\/www.facebook.com\/urbanyte.art","article_author":"https:\/\/www.facebook.com\/urbanyte.art\/","article_published_time":"2021-03-08T09:48:36+00:00","article_modified_time":"2021-03-08T14:36:18+00:00","og_image":[{"width":1300,"height":730,"url":"https:\/\/www.urbanyte.art\/wp-content\/uploads\/2021\/03\/POST-Feature-Image.jpg","type":"image\/jpeg"}],"author":"URBANYTE","twitter_card":"summary_large_image","twitter_misc":{"Verfasst von":"URBANYTE","Gesch\u00e4tzte Lesezeit":"7\u00a0Minuten"},"schema":{"@context":"https:\/\/schema.org","@graph":[{"@type":"Article","@id":"https:\/\/www.urbanyte.art\/de\/habitat-gola-hundun\/#article","isPartOf":{"@id":"https:\/\/www.urbanyte.art\/de\/habitat-gola-hundun\/"},"author":{"name":"URBANYTE","@id":"https:\/\/www.urbanyte.art\/de\/#\/schema\/person\/cba1493b26e05acb123c4aff893f31b3"},"headline":"GOLA HUNDUN II\/II","datePublished":"2021-03-08T09:48:36+00:00","dateModified":"2021-03-08T14:36:18+00:00","mainEntityOfPage":{"@id":"https:\/\/www.urbanyte.art\/de\/habitat-gola-hundun\/"},"wordCount":2329,"publisher":{"@id":"https:\/\/www.urbanyte.art\/de\/#organization"},"keywords":["interview","Italien","muralist","nature"],"articleSection":["URBAN.TALKS"],"inLanguage":"de"},{"@type":"WebPage","@id":"https:\/\/www.urbanyte.art\/de\/habitat-gola-hundun\/","url":"https:\/\/www.urbanyte.art\/de\/habitat-gola-hundun\/","name":"URBAN.TALKS - GOLA HUNDUN II\/II - URBANYTE","isPartOf":{"@id":"https:\/\/www.urbanyte.art\/de\/#website"},"datePublished":"2021-03-08T09:48:36+00:00","dateModified":"2021-03-08T14:36:18+00:00","description":"Interview mit dem italienischen K\u00fcnstler Gola Hundun \u00fcber sein neues Projekt HABITAT: \"Das Naturreich hat die menschliche Vorstellungskraft schon immer beeinflusst und gelenkt und wird dies auch weiterhin tun. Die generierende Kraft der Natur ist bis zu einem gewissen Grad ein k\u00fcnstlerischer Akt.\"","breadcrumb":{"@id":"https:\/\/www.urbanyte.art\/de\/habitat-gola-hundun\/#breadcrumb"},"inLanguage":"de","potentialAction":[{"@type":"ReadAction","target":["https:\/\/www.urbanyte.art\/de\/habitat-gola-hundun\/"]}]},{"@type":"BreadcrumbList","@id":"https:\/\/www.urbanyte.art\/de\/habitat-gola-hundun\/#breadcrumb","itemListElement":[{"@type":"ListItem","position":1,"name":"Home","item":"https:\/\/www.urbanyte.art\/de\/"},{"@type":"ListItem","position":2,"name":"GOLA HUNDUN II\/II"}]},{"@type":"WebSite","@id":"https:\/\/www.urbanyte.art\/de\/#website","url":"https:\/\/www.urbanyte.art\/de\/","name":"URBANYTE","description":"urban and independent contemporary art","publisher":{"@id":"https:\/\/www.urbanyte.art\/de\/#organization"},"potentialAction":[{"@type":"SearchAction","target":{"@type":"EntryPoint","urlTemplate":"https:\/\/www.urbanyte.art\/de\/?s={search_term_string}"},"query-input":"required name=search_term_string"}],"inLanguage":"de"},{"@type":"Organization","@id":"https:\/\/www.urbanyte.art\/de\/#organization","name":"URBANYTE","url":"https:\/\/www.urbanyte.art\/de\/","logo":{"@type":"ImageObject","inLanguage":"de","@id":"https:\/\/www.urbanyte.art\/de\/#\/schema\/logo\/image\/","url":"https:\/\/www.urbanyte.art\/wp-content\/uploads\/2020\/11\/URBANYTE_padded_logo.png","contentUrl":"https:\/\/www.urbanyte.art\/wp-content\/uploads\/2020\/11\/URBANYTE_padded_logo.png","width":512,"height":512,"caption":"URBANYTE"},"image":{"@id":"https:\/\/www.urbanyte.art\/de\/#\/schema\/logo\/image\/"},"sameAs":["https:\/\/www.facebook.com\/urbanyte.art","https:\/\/www.instagram.com\/urbanyte.art\/","https:\/\/www.linkedin.com\/company\/urbanyte"]},{"@type":"Person","@id":"https:\/\/www.urbanyte.art\/de\/#\/schema\/person\/cba1493b26e05acb123c4aff893f31b3","name":"URBANYTE","image":{"@type":"ImageObject","inLanguage":"de","@id":"https:\/\/www.urbanyte.art\/de\/#\/schema\/person\/image\/","url":"https:\/\/secure.gravatar.com\/avatar\/2766a446626d719d2a44e941c3e107ef951bdb15674ed9d7f5b897068d8157ac?s=96&d=mm&r=g","contentUrl":"https:\/\/secure.gravatar.com\/avatar\/2766a446626d719d2a44e941c3e107ef951bdb15674ed9d7f5b897068d8157ac?s=96&d=mm&r=g","caption":"URBANYTE"},"sameAs":["http:\/\/www.urbanyte.art","https:\/\/www.facebook.com\/urbanyte.art\/","https:\/\/www.instagram.com\/urbanyte.art\/","https:\/\/www.linkedin.com\/company\/urbanyte"]}]}},"_links":{"self":[{"href":"https:\/\/www.urbanyte.art\/de\/wp-json\/wp\/v2\/posts\/6596","targetHints":{"allow":["GET"]}}],"collection":[{"href":"https:\/\/www.urbanyte.art\/de\/wp-json\/wp\/v2\/posts"}],"about":[{"href":"https:\/\/www.urbanyte.art\/de\/wp-json\/wp\/v2\/types\/post"}],"author":[{"embeddable":true,"href":"https:\/\/www.urbanyte.art\/de\/wp-json\/wp\/v2\/users\/1"}],"replies":[{"embeddable":true,"href":"https:\/\/www.urbanyte.art\/de\/wp-json\/wp\/v2\/comments?post=6596"}],"version-history":[{"count":14,"href":"https:\/\/www.urbanyte.art\/de\/wp-json\/wp\/v2\/posts\/6596\/revisions"}],"predecessor-version":[{"id":6698,"href":"https:\/\/www.urbanyte.art\/de\/wp-json\/wp\/v2\/posts\/6596\/revisions\/6698"}],"wp:featuredmedia":[{"embeddable":true,"href":"https:\/\/www.urbanyte.art\/de\/wp-json\/wp\/v2\/media\/6604"}],"wp:attachment":[{"href":"https:\/\/www.urbanyte.art\/de\/wp-json\/wp\/v2\/media?parent=6596"}],"wp:term":[{"taxonomy":"category","embeddable":true,"href":"https:\/\/www.urbanyte.art\/de\/wp-json\/wp\/v2\/categories?post=6596"},{"taxonomy":"post_tag","embeddable":true,"href":"https:\/\/www.urbanyte.art\/de\/wp-json\/wp\/v2\/tags?post=6596"}],"curies":[{"name":"wp","href":"https:\/\/api.w.org\/{rel}","templated":true}]}}