{"id":6708,"date":"2021-03-15T10:10:30","date_gmt":"2021-03-15T09:10:30","guid":{"rendered":"https:\/\/www.urbanyte.art\/?p=6708"},"modified":"2021-03-20T11:23:36","modified_gmt":"2021-03-20T10:23:36","slug":"marco-rea","status":"publish","type":"post","link":"https:\/\/www.urbanyte.art\/de\/marco-rea\/","title":{"rendered":"MARCO R\u00c8A"},"content":{"rendered":"<section class=\"wpb-content-wrapper\"><p>[vc_row][vc_column][vc_column_text]<\/p>\n<h4>Interview mit dem r\u00f6mischen Maler und Urban Artist Marco R\u00e8a:<\/h4>\n<p>[\/vc_column_text][\/vc_column][\/vc_row][vc_row equal_height=&#8220;yes&#8220;][vc_column width=&#8220;1\/6&#8243;][vc_empty_space]<div class=\"edgtf-single-image-holder   \">\n    <div class=\"edgtf-si-inner\" >\n                                    <img loading=\"lazy\" decoding=\"async\" width=\"300\" height=\"235\" src=\"https:\/\/www.urbanyte.art\/wp-content\/uploads\/2020\/11\/Quote-Icon-new2-e1605979366731.png\" class=\"attachment-medium size-medium\" alt=\"\" \/>                        <\/div>\n<\/div>[\/vc_column][vc_column width=&#8220;5\/6&#8243;][vc_column_text css=&#8220;.vc_custom_1615737138808{border-top-width: 10px !important;padding-top: 15px !important;}&#8220;]<\/p>\n<h4><em><strong>Kunst macht eine Gesellschaft reifer und sensibler.\u00a0<\/strong><\/em><em><strong>Ich stelle mir einen gew\u00f6hnlichen Menschen vor, der beim Spazierengehen von einem Werk an einer Wand v\u00f6llig hingerissen ist. Vielleicht begreift er die Bedeutung nicht ganz, aber er ist ersch\u00fcttert, ergriffen, fasziniert&#8230;<\/strong><\/em><\/h4>\n<p>[\/vc_column_text][vc_empty_space][\/vc_column][\/vc_row][vc_row][vc_column width=&#8220;1\/2&#8243;][vc_column_text]<\/p>\n<h5><b>Du nennst dich selbst einen &#8222;K\u00fcnstler aus einer anderen Welt&#8220;. Kannst du uns mehr dar\u00fcber erz\u00e4hlen, wer du bist, woher du kommst und was du machst?<\/b><\/h5>\n<p><span style=\"font-weight: 400;\">Mein Name ist Marco R\u00e8a, ich bin ein K\u00fcnstler und komme von einem Planeten in einem kleinen Sonnensystem, Lichtjahre von der Erde entfernt&#8230; \ud83d\ude09\u00a0<\/span><\/p>\n<p><span style=\"font-weight: 400;\">Eigentlich nenne ich mich so, weil ich immer ein bisschen in meiner eigenen Welt bin, mit meinem Kopf in den Wolken. Aber auch, weil ich nicht daran interessiert bin, der Masse zu folgen, sowohl im Allgemeinen als auch vor allem in k\u00fcnstlerischer Hinsicht. Ich erwecke meine eigenen Dinge zum Leben, folge einer pers\u00f6nlichen Recherche, meinen Inspirationen und erschaffe Dinge, die aus der Tiefe kommen, aus meiner Welt.<\/span>[\/vc_column_text][vc_column_text]<\/p>\n<h5><b>Was ist deine Meinung zu (urbaner) Kunst? Wie sehr beeinflusst deine Kunst dein t\u00e4gliches Leben?<\/b><\/h5>\n<p><span style=\"font-weight: 400;\">Es mag wie eine offensichtliche Antwort erscheinen, aber Kunst IST mein t\u00e4gliches Leben. Fast jeden Tag gehe ich in mein Atelier, und selbst wenn ich nicht hingehe, ist mein Geist immer auf die Kunst fokussiert.<\/span><\/p>\n<p><span style=\"font-weight: 400;\">Es ist eine grundlegende Pr\u00e4senz in meinem Leben, sowohl in den guten als auch in den schlechten Zeiten.\u00a0<\/span><\/p>\n<p><span style=\"font-weight: 400;\">Ich komme aus der Graffiti-Welt und habe Street Art schon immer verfolgt. Meine Meinung zu Urban Art kann nur positiv sein, und ich bin \u00fcberzeugt, dass sie unverzichtbar ist. Auch wenn ich sehr kritisch bin und pers\u00f6nlich einen kleinen Teil davon sch\u00e4tze, finde ich es sch\u00f6n, dass sich jeder so ausdr\u00fcckt, wie er es f\u00fcr richtig h\u00e4lt. Das ist das Sch\u00f6ne daran, dass es jeder machen kann. <\/span>[\/vc_column_text][vc_column_text]<\/p>\n<h5><b>Hast du eine formale Kunstausbildung?<\/b><\/h5>\n<p><span style=\"font-weight: 400;\">Ja, seit ich ein Kind war, habe ich das Zeichnen und die Kreativit\u00e4t immer geliebt. F\u00fcr mich war es nach der Mittelschule fast klar, einen k\u00fcnstlerischen Weg einzuschlagen. Ich habe die Kunstschule absolviert und die SRF (Scuola Romana di Fumetti) abgeschlossen und dann mein Studium der Kunstgeschichte mit einer Arbeit \u00fcber die &#8222;Illegalit\u00e4t in der zeitgen\u00f6ssischen Kunst&#8220; abgeschlossen. Zus\u00e4tzlich zu einer formalen Kunstausbildung habe ich auch eine &#8222;informelle&#8220;, und zwar habe ich von 1996 bis 2006 Graffiti gemacht. Und all das hat dazu beigetragen, das zu formen, was ich heute mache.\u00a0<\/span>[\/vc_column_text][\/vc_column][vc_column width=&#8220;1\/2&#8243;][vc_empty_space height=&#8220;20px&#8220;]<div class=\"edgtf-single-image-holder   \">\n    <div class=\"edgtf-si-inner\" >\n                                    <img loading=\"lazy\" decoding=\"async\" width=\"683\" height=\"1024\" src=\"https:\/\/www.urbanyte.art\/wp-content\/uploads\/2021\/03\/Marco-Rea-683x1024.jpg\" class=\"attachment-large size-large\" alt=\"\" srcset=\"https:\/\/www.urbanyte.art\/wp-content\/uploads\/2021\/03\/Marco-Rea-683x1024.jpg 683w, https:\/\/www.urbanyte.art\/wp-content\/uploads\/2021\/03\/Marco-Rea-200x300.jpg 200w, https:\/\/www.urbanyte.art\/wp-content\/uploads\/2021\/03\/Marco-Rea-768x1151.jpg 768w, https:\/\/www.urbanyte.art\/wp-content\/uploads\/2021\/03\/Marco-Rea.jpg 1001w\" sizes=\"auto, (max-width: 683px) 100vw, 683px\" \/>                        <\/div>\n<\/div>[vc_empty_space][\/vc_column][\/vc_row][vc_row][vc_column width=&#8220;1\/2&#8243;]<div class=\"edgtf-single-image-holder   \">\n    <div class=\"edgtf-si-inner\" >\n                                    <img loading=\"lazy\" decoding=\"async\" width=\"750\" height=\"1000\" src=\"https:\/\/www.urbanyte.art\/wp-content\/uploads\/2021\/03\/unnamed.jpg\" class=\"attachment-full size-full\" alt=\"\" srcset=\"https:\/\/www.urbanyte.art\/wp-content\/uploads\/2021\/03\/unnamed.jpg 750w, https:\/\/www.urbanyte.art\/wp-content\/uploads\/2021\/03\/unnamed-225x300.jpg 225w\" sizes=\"auto, (max-width: 750px) 100vw, 750px\" \/>                        <\/div>\n<\/div>[vc_empty_space][\/vc_column][vc_column width=&#8220;1\/2&#8243;]<div class=\"edgtf-single-image-holder   \">\n    <div class=\"edgtf-si-inner\" >\n                                    <img loading=\"lazy\" decoding=\"async\" width=\"750\" height=\"1000\" src=\"https:\/\/www.urbanyte.art\/wp-content\/uploads\/2021\/03\/marco-rea-4.jpg\" class=\"attachment-full size-full\" alt=\"\" srcset=\"https:\/\/www.urbanyte.art\/wp-content\/uploads\/2021\/03\/marco-rea-4.jpg 750w, https:\/\/www.urbanyte.art\/wp-content\/uploads\/2021\/03\/marco-rea-4-225x300.jpg 225w\" sizes=\"auto, (max-width: 750px) 100vw, 750px\" \/>                        <\/div>\n<\/div>[vc_empty_space][\/vc_column][\/vc_row][vc_row][vc_column][vc_column_text]<\/p>\n<h5><b>Du bist international als Mitglied der italienischen Lowbrow Art Szene bekannt und hast mit der Praxis der Appropriation Art experimentiert, bei der du mit Sprayfarbe auf der Basis von Werbe- und Modefotos gearbeitet hast. In deinen letzten Arbeiten hast du dich dem Line Art Stil gen\u00e4hert. Kannst du uns etwas mehr \u00fcber deine k\u00fcnstlerische Entwicklung und Arbeitsweise erz\u00e4hlen?<\/b><\/h5>\n<p><span style=\"font-weight: 400;\">Wie ich bereits erw\u00e4hnt habe, habe ich, nachdem ich viele Jahre lang Graffiti gemacht hatte, 2005 angefangen, meine Arbeiten in Galerien auszustellen, zuerst in Italien und bald darauf in Europa bis hin zu Amerika und Japan.\u00a0<\/span><\/p>\n<p><span style=\"font-weight: 400;\">Zur Erschaffung dieser besonderen Technik &#8222;Spray on Billboards&#8220; kam ich nach einer langen, auch anstrengenden Reise, die mich aber mit gro\u00dfer Zufriedenheit belohnt hat.\u00a0<\/span><\/p>\n<p><span style=\"font-weight: 400;\">Nach 15 Jahren hatte ich jedoch das Gef\u00fchl, dass ich alles gegeben hatte, was ich wollte, und auch auf die Gefahr hin, alles zu verlieren, sp\u00fcrte ich das Bed\u00fcrfnis und die Koh\u00e4renz, mich zu ver\u00e4ndern und mit anderen Bereichen zu experimentieren, andere Forschungen zu betreiben. <\/span><span style=\"font-weight: 400;\">Ich gab die Verwendung von Farbflecken auf und widmete mich der Verwendung von Schablonen. So entstand eine Serie von weiblichen Portr\u00e4ts, die aus einem Gewirr von Linien geformt sind, ein Kampf zwischen Chaos und Ordnung.\u00a0<\/span><\/p>\n<p><span style=\"font-weight: 400;\">Aber ich denke, dass der Sinn f\u00fcr Eleganz und Komposition der vorherigen Werke gleich geblieben ist. Auch die Inspiration f\u00fcr die Sujets kommt immer aus der Modewelt, die verzerrt wird und dann in meinen Arbeiten ein neues Leben bekommt. <\/span><span style=\"font-weight: 400;\">Ich kann sagen, dass diese Arbeiten im Grunde die andere Seite der gleichen Medaille sind.\u00a0<\/span>[\/vc_column_text][vc_empty_space]<div class=\"edgtf-single-image-holder   \">\n    <div class=\"edgtf-si-inner\" >\n                                    <img loading=\"lazy\" decoding=\"async\" width=\"2048\" height=\"1362\" src=\"https:\/\/www.urbanyte.art\/wp-content\/uploads\/2021\/03\/Marco-Rea-wall-fashion.jpg\" class=\"attachment-full size-full\" alt=\"\" srcset=\"https:\/\/www.urbanyte.art\/wp-content\/uploads\/2021\/03\/Marco-Rea-wall-fashion.jpg 2048w, https:\/\/www.urbanyte.art\/wp-content\/uploads\/2021\/03\/Marco-Rea-wall-fashion-300x200.jpg 300w, https:\/\/www.urbanyte.art\/wp-content\/uploads\/2021\/03\/Marco-Rea-wall-fashion-1024x681.jpg 1024w, https:\/\/www.urbanyte.art\/wp-content\/uploads\/2021\/03\/Marco-Rea-wall-fashion-768x511.jpg 768w, https:\/\/www.urbanyte.art\/wp-content\/uploads\/2021\/03\/Marco-Rea-wall-fashion-1536x1022.jpg 1536w\" sizes=\"auto, (max-width: 2048px) 100vw, 2048px\" \/>                        <\/div>\n<\/div>[vc_empty_space][\/vc_column][\/vc_row][vc_row][vc_column width=&#8220;1\/2&#8243;]<div class=\"edgtf-single-image-holder   \">\n    <div class=\"edgtf-si-inner\" >\n                                    <img loading=\"lazy\" decoding=\"async\" width=\"800\" height=\"480\" src=\"https:\/\/www.urbanyte.art\/wp-content\/uploads\/2021\/03\/56742664_10218727321956687_4229803124472152064_n.jpg\" class=\"attachment-full size-full\" alt=\"\" srcset=\"https:\/\/www.urbanyte.art\/wp-content\/uploads\/2021\/03\/56742664_10218727321956687_4229803124472152064_n.jpg 800w, https:\/\/www.urbanyte.art\/wp-content\/uploads\/2021\/03\/56742664_10218727321956687_4229803124472152064_n-300x180.jpg 300w, https:\/\/www.urbanyte.art\/wp-content\/uploads\/2021\/03\/56742664_10218727321956687_4229803124472152064_n-768x461.jpg 768w\" sizes=\"auto, (max-width: 800px) 100vw, 800px\" \/>                        <\/div>\n<\/div>[vc_empty_space height=&#8220;24px&#8220;][\/vc_column][vc_column width=&#8220;1\/2&#8243;]<div class=\"edgtf-single-image-holder   \">\n    <div class=\"edgtf-si-inner\" >\n                                    <img loading=\"lazy\" decoding=\"async\" width=\"770\" height=\"456\" src=\"https:\/\/www.urbanyte.art\/wp-content\/uploads\/2021\/03\/marco-rea_2013.jpg\" class=\"attachment-full size-full\" alt=\"\" srcset=\"https:\/\/www.urbanyte.art\/wp-content\/uploads\/2021\/03\/marco-rea_2013.jpg 770w, https:\/\/www.urbanyte.art\/wp-content\/uploads\/2021\/03\/marco-rea_2013-300x178.jpg 300w, https:\/\/www.urbanyte.art\/wp-content\/uploads\/2021\/03\/marco-rea_2013-768x455.jpg 768w\" sizes=\"auto, (max-width: 770px) 100vw, 770px\" \/>                        <\/div>\n<\/div>[vc_empty_space height=&#8220;24px&#8220;][\/vc_column][\/vc_row][vc_row][vc_column][vc_column_text]<\/p>\n<h5><b>Du bist auch ein Mitarbeiter von SHOWstudio, einer Website, die sich mit Modekommunikation besch\u00e4ftigt. Worum geht es in diesem Bereich deiner Arbeit?<\/b><\/h5>\n<p><span style=\"font-weight: 400;\">SHOWstudio ist viel mehr als eine Website, es ist eine Art Fabrik, die von Nick Knight (einem der ber\u00fchmtesten Fotografen der Welt) gegr\u00fcndet wurde und in einer wundersch\u00f6nen Kunstgalerie im Herzen Londons, in einer entweihten Kirche, ihren Sitz hat. SHOWstudio ist auch ein kreatives Team, das einige der weltweit wichtigsten Namen an K\u00fcnstlern, Fotografen, Modeillustratoren, Make-up-K\u00fcnstlern usw. umfasst&#8230; Sogar Lady Gaga ist Teil davon.\u00a0<\/span><\/p>\n<p><span style=\"font-weight: 400;\">Ich habe mehrere Ausstellungen mit ihnen gemacht, sowohl in London als auch in Tokio, und ich habe Illustrationen f\u00fcr die Paris Fashion Week gemacht. Ich habe auch schon mit Kate Moss, der Schauspielerin Chloe Sevigny etc. zusammengearbeitet. Es ist eine echte Ehre f\u00fcr mich, ein Teil davon zu sein. <\/span>[\/vc_column_text][vc_empty_space][\/vc_column][\/vc_row][vc_row equal_height=&#8220;yes&#8220;][vc_column width=&#8220;1\/2&#8243;]<div class=\"edgtf-single-image-holder   \">\n    <div class=\"edgtf-si-inner\" >\n                                    <img loading=\"lazy\" decoding=\"async\" width=\"880\" height=\"948\" src=\"https:\/\/www.urbanyte.art\/wp-content\/uploads\/2021\/03\/marco-rea-exhibition.jpg\" class=\"attachment-full size-full\" alt=\"\" srcset=\"https:\/\/www.urbanyte.art\/wp-content\/uploads\/2021\/03\/marco-rea-exhibition.jpg 880w, https:\/\/www.urbanyte.art\/wp-content\/uploads\/2021\/03\/marco-rea-exhibition-278x300.jpg 278w, https:\/\/www.urbanyte.art\/wp-content\/uploads\/2021\/03\/marco-rea-exhibition-768x827.jpg 768w\" sizes=\"auto, (max-width: 880px) 100vw, 880px\" \/>                        <\/div>\n<\/div>[vc_empty_space height=&#8220;22px&#8220;][\/vc_column][vc_column width=&#8220;1\/2&#8243;]<div class=\"edgtf-single-image-holder   \">\n    <div class=\"edgtf-si-inner\" >\n                                    <img loading=\"lazy\" decoding=\"async\" width=\"888\" height=\"948\" src=\"https:\/\/www.urbanyte.art\/wp-content\/uploads\/2021\/03\/marco-rea-exhibition-2.jpg\" class=\"attachment-full size-full\" alt=\"\" srcset=\"https:\/\/www.urbanyte.art\/wp-content\/uploads\/2021\/03\/marco-rea-exhibition-2.jpg 888w, https:\/\/www.urbanyte.art\/wp-content\/uploads\/2021\/03\/marco-rea-exhibition-2-281x300.jpg 281w, https:\/\/www.urbanyte.art\/wp-content\/uploads\/2021\/03\/marco-rea-exhibition-2-768x820.jpg 768w\" sizes=\"auto, (max-width: 888px) 100vw, 888px\" \/>                        <\/div>\n<\/div>[\/vc_column][\/vc_row][vc_row][vc_column css=&#8220;.vc_custom_1605308793996{margin-top: 32px !important;}&#8220;][vc_column_text]<\/p>\n<h5><b>Wie und wann bist du mit Street Art in Ber\u00fchrung gekommen? Was sind deine Inspirationsquellen und was treibt dich in erster Linie an, Kunst im urbanen Raum zu kreieren?\u00a0<\/b><\/h5>\n<p><span style=\"font-weight: 400;\">Ich war schon immer in Kontakt mit Street Art. Ich habe gesehen, wie sie in Rom geboren wurde, und ich hatte schon immer Freunde, die Writer und Street Artists waren. Jahrelang bin ich mit meinen Arbeiten auf parallelen Spuren zu dieser Welt gereist, ohne jemals ganz Teil davon zu sein.\u00a0<\/span><\/p>\n<p><span style=\"font-weight: 400;\">Nur dieses Jahr, w\u00e4hrend des ersten Lockdowns, \u00e4nderte sich etwas f\u00fcr mich. Ich war gezwungen, zu Hause zu bleiben, und die Kunst hat mir in diesem Moment sehr geholfen. Am Ende des Lockdowns, als ich endlich wieder frei war, f\u00fchlte ich mich gezwungen, auch meine Kunst freizulassen und sie mit auf die Stra\u00dfe zu nehmen. Ich kann also sagen, dass der Hauptgrund wirklich der Wunsch nach Freiheit und Teilen war.\u00a0<\/span><\/p>\n<p><span style=\"font-weight: 400;\">Meine Inspirationsquellen sind vielf\u00e4ltig und reichen von Kunst bis Kino, von Literatur bis Musik. Was Street Art angeht, sind die K\u00fcnstler, die ich immer bewundert habe, <a href=\"https:\/\/www.instagram.com\/stenlex\/\" target=\"_blank\" rel=\"noopener\">Sten &amp; Lex<\/a>, <a href=\"https:\/\/www.instagram.com\/lucamaleonte\/\" target=\"_blank\" rel=\"noopener\">Lucamaleonte<\/a>, <a href=\"https:\/\/www.instagram.com\/108_108_108\/\" target=\"_blank\" rel=\"noopener\">108 Nero<\/a>, <a href=\"https:\/\/www.instagram.com\/martina_merlini\/\" target=\"_blank\" rel=\"noopener\">Martina Merlini<\/a>, <a href=\"https:\/\/www.instagram.com\/mp5art\/\" target=\"_blank\" rel=\"noopener\">MP5<\/a>, und <a href=\"https:\/\/www.instagram.com\/gonzaloborondo\/\" target=\"_blank\" rel=\"noopener\">Borondo.\u00a0<\/a><\/span>[\/vc_column_text][vc_column_text]<\/p>\n<h5><b>Kann Street Art Themen innerhalb eines Landes beeinflussen? Glaubst du, dass sie die Gesellschaft beeinflussen oder ver\u00e4ndern kann?<\/b><\/h5>\n<p><span style=\"font-weight: 400;\">Absolut ja, und ich glaube, dass sie dies durch Kultur und Sch\u00f6nheit (nicht die banale Sch\u00f6nheit der Werbung) tun kann, die Menschen n\u00e4her bringt und sie f\u00fcr Kunst sensibilisiert.\u00a0<\/span><\/p>\n<p><span style=\"font-weight: 400;\">Kunst macht eine Gesellschaft reifer und sensibler.\u00a0<\/span><span style=\"font-weight: 400;\">Ich stelle mir einen gew\u00f6hnlichen Menschen vor, der beim Spazierengehen von einem Werk an einer Wand v\u00f6llig hingerissen ist. Vielleicht begreift er die Bedeutung nicht ganz, aber er ist ersch\u00fcttert, ergriffen, fasziniert und versteht, dass es in der Welt nicht nur Arbeit, Rom und Lazio (Fu\u00dfball) gibt, sondern auch dieses Ding dort, welches schwer zu definieren ist, aber Emotionen vermitteln kann. In diesem Moment hat jeder etwas gewonnen. Der Betrachter, der K\u00fcnstler und die Gesellschaft.<\/span>[\/vc_column_text][vc_empty_space][\/vc_column][\/vc_row][vc_row][vc_column width=&#8220;1\/2&#8243;]<div class=\"edgtf-single-image-holder   \">\n    <div class=\"edgtf-si-inner\" >\n                                    <img loading=\"lazy\" decoding=\"async\" width=\"1200\" height=\"1500\" src=\"https:\/\/www.urbanyte.art\/wp-content\/uploads\/2021\/03\/153383968_10224902525692921_1532582538502562580_o.jpg\" class=\"attachment-full size-full\" alt=\"\" srcset=\"https:\/\/www.urbanyte.art\/wp-content\/uploads\/2021\/03\/153383968_10224902525692921_1532582538502562580_o.jpg 1200w, https:\/\/www.urbanyte.art\/wp-content\/uploads\/2021\/03\/153383968_10224902525692921_1532582538502562580_o-240x300.jpg 240w, https:\/\/www.urbanyte.art\/wp-content\/uploads\/2021\/03\/153383968_10224902525692921_1532582538502562580_o-819x1024.jpg 819w, https:\/\/www.urbanyte.art\/wp-content\/uploads\/2021\/03\/153383968_10224902525692921_1532582538502562580_o-768x960.jpg 768w\" sizes=\"auto, (max-width: 1200px) 100vw, 1200px\" \/>                        <\/div>\n<\/div>[vc_empty_space height=&#8220;18px&#8220;][\/vc_column][vc_column width=&#8220;1\/2&#8243;]<div class=\"edgtf-single-image-holder   \">\n    <div class=\"edgtf-si-inner\" >\n                                    <img loading=\"lazy\" decoding=\"async\" width=\"1200\" height=\"1507\" src=\"https:\/\/www.urbanyte.art\/wp-content\/uploads\/2021\/03\/marco-rea-5.jpg\" class=\"attachment-full size-full\" alt=\"\" srcset=\"https:\/\/www.urbanyte.art\/wp-content\/uploads\/2021\/03\/marco-rea-5.jpg 1200w, https:\/\/www.urbanyte.art\/wp-content\/uploads\/2021\/03\/marco-rea-5-239x300.jpg 239w, https:\/\/www.urbanyte.art\/wp-content\/uploads\/2021\/03\/marco-rea-5-815x1024.jpg 815w, https:\/\/www.urbanyte.art\/wp-content\/uploads\/2021\/03\/marco-rea-5-768x964.jpg 768w\" sizes=\"auto, (max-width: 1200px) 100vw, 1200px\" \/>                        <\/div>\n<\/div>[vc_empty_space height=&#8220;18px&#8220;][\/vc_column][\/vc_row][vc_row][vc_column css=&#8220;.vc_custom_1605308793996{margin-top: 32px !important;}&#8220;][vc_column_text]<\/p>\n<h5><b>Gibt es Unterschiede zwischen der Kunst, die du auf der Stra\u00dfe und f\u00fcr die \u00d6ffentlichkeit machst, und den Arbeiten im Atelier oder f\u00fcr Galerieausstellungen in Bezug auf Techniken, Themen sowie Motivation und Inspiration?<\/b><\/h5>\n<p><span style=\"font-weight: 400;\">Ich denke, f\u00fcr den K\u00fcnstler ist es nicht wichtig, jedem und um jeden Preis zu gefallen, sondern sich selbst und seine eigene Arbeitsweise zu respektieren.\u00a0<\/span><\/p>\n<p><span style=\"font-weight: 400;\">Trotzdem musst du dich auch um diejenigen k\u00fcmmern, die jeden Tag an dieser Stra\u00dfe vorbeikommen und mit deiner Arbeit leben m\u00fcssen. Aus diesem Grund versuche ich, wenn ich auf der Stra\u00dfe arbeite, Werke zu schaffen, die zarter sind und weniger st\u00f6ren. Im Atelier hingegen wei\u00df ich, dass ich experimentieren kann. Ich kann mich zu st\u00e4rkeren oder spezielleren Arbeiten dr\u00e4ngen, weil ich wei\u00df, dass das Galeriepublikum eher an eine bestimmte \u00e4sthetische Sprache gew\u00f6hnt ist.\u00a0<\/span><\/p>\n<p><span style=\"font-weight: 400;\">Aber f\u00fcr mich sind in diesem Moment beide unverzichtbar, und die Arbeit, die ich mache, bleibt in beiden F\u00e4llen mir und meiner Recherche treu.\u00a0<\/span>[\/vc_column_text][vc_empty_space][\/vc_column][\/vc_row][vc_row][vc_column width=&#8220;1\/3&#8243; css=&#8220;.vc_custom_1605308793996{margin-top: 32px !important;}&#8220;]<div class=\"edgtf-single-image-holder   \">\n    <div class=\"edgtf-si-inner\" >\n                                    <img loading=\"lazy\" decoding=\"async\" width=\"1000\" height=\"1000\" src=\"https:\/\/www.urbanyte.art\/wp-content\/uploads\/2021\/03\/147280749_10224773146618525_5843493762855170753_o.jpg\" class=\"attachment-full size-full\" alt=\"\" srcset=\"https:\/\/www.urbanyte.art\/wp-content\/uploads\/2021\/03\/147280749_10224773146618525_5843493762855170753_o.jpg 1000w, https:\/\/www.urbanyte.art\/wp-content\/uploads\/2021\/03\/147280749_10224773146618525_5843493762855170753_o-300x300.jpg 300w, https:\/\/www.urbanyte.art\/wp-content\/uploads\/2021\/03\/147280749_10224773146618525_5843493762855170753_o-150x150.jpg 150w, https:\/\/www.urbanyte.art\/wp-content\/uploads\/2021\/03\/147280749_10224773146618525_5843493762855170753_o-768x768.jpg 768w, https:\/\/www.urbanyte.art\/wp-content\/uploads\/2021\/03\/147280749_10224773146618525_5843493762855170753_o-650x650.jpg 650w\" sizes=\"auto, (max-width: 1000px) 100vw, 1000px\" \/>                        <\/div>\n<\/div>[vc_empty_space][\/vc_column][vc_column width=&#8220;1\/3&#8243;]<div class=\"edgtf-single-image-holder   \">\n    <div class=\"edgtf-si-inner\" >\n                                    <img loading=\"lazy\" decoding=\"async\" width=\"800\" height=\"1000\" src=\"https:\/\/www.urbanyte.art\/wp-content\/uploads\/2021\/03\/137523902_10224523363974115_6821950285856444454_o.jpg\" class=\"attachment-full size-full\" alt=\"\" srcset=\"https:\/\/www.urbanyte.art\/wp-content\/uploads\/2021\/03\/137523902_10224523363974115_6821950285856444454_o.jpg 800w, https:\/\/www.urbanyte.art\/wp-content\/uploads\/2021\/03\/137523902_10224523363974115_6821950285856444454_o-240x300.jpg 240w, https:\/\/www.urbanyte.art\/wp-content\/uploads\/2021\/03\/137523902_10224523363974115_6821950285856444454_o-768x960.jpg 768w\" sizes=\"auto, (max-width: 800px) 100vw, 800px\" \/>                        <\/div>\n<\/div>[vc_empty_space][\/vc_column][vc_column width=&#8220;1\/3&#8243;]<div class=\"edgtf-single-image-holder   \">\n    <div class=\"edgtf-si-inner\" >\n                                    <img loading=\"lazy\" decoding=\"async\" width=\"800\" height=\"1000\" src=\"https:\/\/www.urbanyte.art\/wp-content\/uploads\/2021\/03\/138555098_10224531471256792_476579886780438449_o.jpg\" class=\"attachment-full size-full\" alt=\"\" srcset=\"https:\/\/www.urbanyte.art\/wp-content\/uploads\/2021\/03\/138555098_10224531471256792_476579886780438449_o.jpg 800w, https:\/\/www.urbanyte.art\/wp-content\/uploads\/2021\/03\/138555098_10224531471256792_476579886780438449_o-240x300.jpg 240w, https:\/\/www.urbanyte.art\/wp-content\/uploads\/2021\/03\/138555098_10224531471256792_476579886780438449_o-768x960.jpg 768w\" sizes=\"auto, (max-width: 800px) 100vw, 800px\" \/>                        <\/div>\n<\/div>[vc_empty_space][\/vc_column][\/vc_row][vc_row][vc_column css=&#8220;.vc_custom_1605308793996{margin-top: 32px !important;}&#8220;][vc_column_text]<\/p>\n<h5><b>Du bist in Rom geboren und lebst und arbeitest immer noch dort. Wie w\u00fcrdest du das aktuelle Klima in der r\u00f6mischen Urban Art Szene beschreiben?\u00a0<\/b><\/h5>\n<p><span style=\"font-weight: 400;\">Ja, ich bin in Rom geboren und habe immer hier gelebt, auch wenn ich seit ein paar Jahren zwischen Rom und Cagliari hin und her pendel.\u00a0<\/span><\/p>\n<p><span style=\"font-weight: 400;\">In Rom sp\u00fcre ich ein langsames, aber starkes Gef\u00fchl der Wiedergeburt, es gibt ein gesundes Verlangen zu tun, zu kreieren. Es mag auch an diesem absurden Jahr liegen, das wir hinter uns haben, aber ich habe das Gef\u00fchl, dass wir vielleicht eine neue Renaissance erleben. K\u00fcnstler haben den Wunsch und das Bed\u00fcrfnis, sich auszudr\u00fccken und auch vom Publikum sp\u00fcre ich N\u00e4he und Neugierde.\u00a0<\/span><\/p>\n<p><span style=\"font-weight: 400;\">Es gibt einen gro\u00dfen Austausch.<\/span>[\/vc_column_text][vc_column_text]<\/p>\n<h5><b>Was steht f\u00fcr dich an? Hast du Ideen, Projekte oder Tr\u00e4ume f\u00fcr die Zukunft?\u00a0<\/b><\/h5>\n<p><span style=\"font-weight: 400;\">In diesen Tagen ist ein sch\u00f6nes Buch von Valeria Arnaldi erschienen, Ultra-Editionen, mit dem Titel &#8222;Reaktion und Revolution, die Antwort der Kunst auf den Corona-Virus&#8220;. Darin befindet sich ein langes Interview, das ich mit der Autorin gef\u00fchrt habe, und es soll auch eine Dokumentation \u00fcber meine Arbeit herauskommen, die von L &amp; M productions geschnitten und produziert wurde.\u00a0<\/span><\/p>\n<p><span style=\"font-weight: 400;\">Auch plane ich Ausstellungen und Murals, aber alles ist auf Stand-by&#8230; Ich schw\u00f6re, ich kann es kaum erwarten, wieder anzufangen.<\/span>[\/vc_column_text][vc_empty_space]<div class=\"edgtf-single-image-holder   \">\n    <div class=\"edgtf-si-inner\" >\n                                    <img loading=\"lazy\" decoding=\"async\" width=\"1280\" height=\"853\" src=\"https:\/\/www.urbanyte.art\/wp-content\/uploads\/2021\/03\/116054313_10223211006045987_4633602305264782028_o.jpg\" class=\"attachment-full size-full\" alt=\"\" srcset=\"https:\/\/www.urbanyte.art\/wp-content\/uploads\/2021\/03\/116054313_10223211006045987_4633602305264782028_o.jpg 1280w, https:\/\/www.urbanyte.art\/wp-content\/uploads\/2021\/03\/116054313_10223211006045987_4633602305264782028_o-300x200.jpg 300w, https:\/\/www.urbanyte.art\/wp-content\/uploads\/2021\/03\/116054313_10223211006045987_4633602305264782028_o-1024x682.jpg 1024w, https:\/\/www.urbanyte.art\/wp-content\/uploads\/2021\/03\/116054313_10223211006045987_4633602305264782028_o-768x512.jpg 768w\" sizes=\"auto, (max-width: 1280px) 100vw, 1280px\" \/>                        <\/div>\n<\/div>[\/vc_column][\/vc_row][vc_row][vc_column css=&#8220;.vc_custom_1605308793996{margin-top: 32px !important;}&#8220;][vc_column_text]MARCO R\u00c8A<\/p>\n<p>Rom, Italien<\/p>\n<p>Wikipedia <strong><a href=\"https:\/\/it.m.wikipedia.org\/wiki\/Marco_R%C3%A9a\" target=\"_blank\" rel=\"noopener\">Marco R\u00e9a<\/a><\/strong><\/p>\n<p><span style=\"font-weight: 400;\">Instagram <strong><a href=\"https:\/\/www.instagram.com\/marcorea.art\" target=\"_blank\" rel=\"noopener\">marcorea.art<\/a><\/strong><\/span><\/p>\n<p>Facebook <strong><a href=\"https:\/\/www.facebook.com\/art.marcorea\" target=\"_blank\" rel=\"noopener\">art.marcorea<\/a><\/strong>[\/vc_column_text][\/vc_column][\/vc_row][vc_row css=&#8220;.vc_custom_1605313463281{margin-top: 5px !important;border-top-width: 20px !important;}&#8220;][vc_column][vc_column_text]_______________________________________<\/p>\n<p>&nbsp;<\/p>\n<p>Bilder \u00a9 Marco R\u00e8a, Luca Lionetti &amp; L&amp;M produzioni<\/p>\n<p>&nbsp;<\/p>\n<p>M\u00e4rz 2021<\/p>\n<p>by Laura Vetter[\/vc_column_text][\/vc_column][\/vc_row]<\/p>\n<\/section>","protected":false},"excerpt":{"rendered":"<p>Interview mit dem r\u00f6mischen Maler und Urban Artist Marco R\u00e8a: &#8222;Kunst macht eine Gesellschaft reifer und sensibler. Ich stelle mir einen gew\u00f6hnlichen Menschen vor, der beim Spazierengehen von einem Werk an einer Wand v\u00f6llig hingerissen ist. Vielleicht begreift er die Bedeutung nicht ganz, aber er ist ersch\u00fcttert, ergriffen, fasziniert&#8230;&#8220;<\/p>\n","protected":false},"author":1,"featured_media":6715,"comment_status":"closed","ping_status":"open","sticky":false,"template":"","format":"standard","meta":{"_mi_skip_tracking":false,"footnotes":""},"categories":[122],"tags":[124,208,224,223],"class_list":["post-6708","post","type-post","status-publish","format-standard","has-post-thumbnail","hentry","category-urban-talks-de-2","tag-interview-de","tag-italien","tag-line-art-de","tag-stencil-de"],"yoast_head":"<!-- This site is optimized with the Yoast SEO plugin v20.6 - https:\/\/yoast.com\/wordpress\/plugins\/seo\/ -->\n<title>URBAN.TALKS - MARCO R\u00c8A - URBANYTE<\/title>\n<meta name=\"description\" content=\"Interview mit dem r\u00f6mischen Maler und Urban Artist Marco R\u00e8a: &quot;Kunst macht eine Gesellschaft reifer und sensibler. Ich stelle mir einen gew\u00f6hnlichen Menschen vor, der beim Spazierengehen von einem Werk an einer Wand v\u00f6llig hingerissen ist. Vielleicht begreift er die Bedeutung nicht ganz, aber er ist ersch\u00fcttert, ergriffen, fasziniert...&quot;\" \/>\n<meta name=\"robots\" content=\"index, follow, max-snippet:-1, max-image-preview:large, max-video-preview:-1\" \/>\n<link rel=\"canonical\" href=\"https:\/\/www.urbanyte.art\/de\/marco-rea\/\" \/>\n<meta property=\"og:locale\" content=\"de_DE\" \/>\n<meta property=\"og:type\" content=\"article\" \/>\n<meta property=\"og:title\" content=\"URBAN.TALKS - MARCO R\u00c8A - URBANYTE\" \/>\n<meta property=\"og:description\" content=\"Interview mit dem r\u00f6mischen Maler und Urban Artist Marco R\u00e8a: &quot;Kunst macht eine Gesellschaft reifer und sensibler. Ich stelle mir einen gew\u00f6hnlichen Menschen vor, der beim Spazierengehen von einem Werk an einer Wand v\u00f6llig hingerissen ist. Vielleicht begreift er die Bedeutung nicht ganz, aber er ist ersch\u00fcttert, ergriffen, fasziniert...&quot;\" \/>\n<meta property=\"og:url\" content=\"https:\/\/www.urbanyte.art\/de\/marco-rea\/\" \/>\n<meta property=\"og:site_name\" content=\"URBANYTE\" \/>\n<meta property=\"article:publisher\" content=\"https:\/\/www.facebook.com\/urbanyte.art\" \/>\n<meta property=\"article:author\" content=\"https:\/\/www.facebook.com\/urbanyte.art\/\" \/>\n<meta property=\"article:published_time\" content=\"2021-03-15T09:10:30+00:00\" \/>\n<meta property=\"article:modified_time\" content=\"2021-03-20T10:23:36+00:00\" \/>\n<meta property=\"og:image\" content=\"https:\/\/www.urbanyte.art\/wp-content\/uploads\/2021\/03\/Marco-re\u0301a-Feature-Image-2.png\" \/>\n\t<meta property=\"og:image:width\" content=\"1300\" \/>\n\t<meta property=\"og:image:height\" content=\"730\" \/>\n\t<meta property=\"og:image:type\" content=\"image\/png\" \/>\n<meta name=\"author\" content=\"URBANYTE\" \/>\n<meta name=\"twitter:card\" content=\"summary_large_image\" \/>\n<meta name=\"twitter:label1\" content=\"Verfasst von\" \/>\n\t<meta name=\"twitter:data1\" content=\"URBANYTE\" \/>\n\t<meta name=\"twitter:label2\" content=\"Gesch\u00e4tzte Lesezeit\" \/>\n\t<meta name=\"twitter:data2\" content=\"7\u00a0Minuten\" \/>\n<script type=\"application\/ld+json\" class=\"yoast-schema-graph\">{\"@context\":\"https:\/\/schema.org\",\"@graph\":[{\"@type\":\"Article\",\"@id\":\"https:\/\/www.urbanyte.art\/de\/marco-rea\/#article\",\"isPartOf\":{\"@id\":\"https:\/\/www.urbanyte.art\/de\/marco-rea\/\"},\"author\":{\"name\":\"URBANYTE\",\"@id\":\"https:\/\/www.urbanyte.art\/de\/#\/schema\/person\/cba1493b26e05acb123c4aff893f31b3\"},\"headline\":\"MARCO R\u00c8A\",\"datePublished\":\"2021-03-15T09:10:30+00:00\",\"dateModified\":\"2021-03-20T10:23:36+00:00\",\"mainEntityOfPage\":{\"@id\":\"https:\/\/www.urbanyte.art\/de\/marco-rea\/\"},\"wordCount\":2102,\"publisher\":{\"@id\":\"https:\/\/www.urbanyte.art\/de\/#organization\"},\"keywords\":[\"interview\",\"Italien\",\"line art\",\"stencil\"],\"articleSection\":[\"URBAN.TALKS\"],\"inLanguage\":\"de\"},{\"@type\":\"WebPage\",\"@id\":\"https:\/\/www.urbanyte.art\/de\/marco-rea\/\",\"url\":\"https:\/\/www.urbanyte.art\/de\/marco-rea\/\",\"name\":\"URBAN.TALKS - MARCO R\u00c8A - URBANYTE\",\"isPartOf\":{\"@id\":\"https:\/\/www.urbanyte.art\/de\/#website\"},\"datePublished\":\"2021-03-15T09:10:30+00:00\",\"dateModified\":\"2021-03-20T10:23:36+00:00\",\"description\":\"Interview mit dem r\u00f6mischen Maler und Urban Artist Marco R\u00e8a: \\\"Kunst macht eine Gesellschaft reifer und sensibler. Ich stelle mir einen gew\u00f6hnlichen Menschen vor, der beim Spazierengehen von einem Werk an einer Wand v\u00f6llig hingerissen ist. Vielleicht begreift er die Bedeutung nicht ganz, aber er ist ersch\u00fcttert, ergriffen, fasziniert...\\\"\",\"breadcrumb\":{\"@id\":\"https:\/\/www.urbanyte.art\/de\/marco-rea\/#breadcrumb\"},\"inLanguage\":\"de\",\"potentialAction\":[{\"@type\":\"ReadAction\",\"target\":[\"https:\/\/www.urbanyte.art\/de\/marco-rea\/\"]}]},{\"@type\":\"BreadcrumbList\",\"@id\":\"https:\/\/www.urbanyte.art\/de\/marco-rea\/#breadcrumb\",\"itemListElement\":[{\"@type\":\"ListItem\",\"position\":1,\"name\":\"Home\",\"item\":\"https:\/\/www.urbanyte.art\/de\/\"},{\"@type\":\"ListItem\",\"position\":2,\"name\":\"MARCO R\u00c8A\"}]},{\"@type\":\"WebSite\",\"@id\":\"https:\/\/www.urbanyte.art\/de\/#website\",\"url\":\"https:\/\/www.urbanyte.art\/de\/\",\"name\":\"URBANYTE\",\"description\":\"urban and independent contemporary art\",\"publisher\":{\"@id\":\"https:\/\/www.urbanyte.art\/de\/#organization\"},\"potentialAction\":[{\"@type\":\"SearchAction\",\"target\":{\"@type\":\"EntryPoint\",\"urlTemplate\":\"https:\/\/www.urbanyte.art\/de\/?s={search_term_string}\"},\"query-input\":\"required name=search_term_string\"}],\"inLanguage\":\"de\"},{\"@type\":\"Organization\",\"@id\":\"https:\/\/www.urbanyte.art\/de\/#organization\",\"name\":\"URBANYTE\",\"url\":\"https:\/\/www.urbanyte.art\/de\/\",\"logo\":{\"@type\":\"ImageObject\",\"inLanguage\":\"de\",\"@id\":\"https:\/\/www.urbanyte.art\/de\/#\/schema\/logo\/image\/\",\"url\":\"https:\/\/www.urbanyte.art\/wp-content\/uploads\/2020\/11\/URBANYTE_padded_logo.png\",\"contentUrl\":\"https:\/\/www.urbanyte.art\/wp-content\/uploads\/2020\/11\/URBANYTE_padded_logo.png\",\"width\":512,\"height\":512,\"caption\":\"URBANYTE\"},\"image\":{\"@id\":\"https:\/\/www.urbanyte.art\/de\/#\/schema\/logo\/image\/\"},\"sameAs\":[\"https:\/\/www.facebook.com\/urbanyte.art\",\"https:\/\/www.instagram.com\/urbanyte.art\/\",\"https:\/\/www.linkedin.com\/company\/urbanyte\"]},{\"@type\":\"Person\",\"@id\":\"https:\/\/www.urbanyte.art\/de\/#\/schema\/person\/cba1493b26e05acb123c4aff893f31b3\",\"name\":\"URBANYTE\",\"image\":{\"@type\":\"ImageObject\",\"inLanguage\":\"de\",\"@id\":\"https:\/\/www.urbanyte.art\/de\/#\/schema\/person\/image\/\",\"url\":\"https:\/\/secure.gravatar.com\/avatar\/2766a446626d719d2a44e941c3e107ef951bdb15674ed9d7f5b897068d8157ac?s=96&d=mm&r=g\",\"contentUrl\":\"https:\/\/secure.gravatar.com\/avatar\/2766a446626d719d2a44e941c3e107ef951bdb15674ed9d7f5b897068d8157ac?s=96&d=mm&r=g\",\"caption\":\"URBANYTE\"},\"sameAs\":[\"http:\/\/www.urbanyte.art\",\"https:\/\/www.facebook.com\/urbanyte.art\/\",\"https:\/\/www.instagram.com\/urbanyte.art\/\",\"https:\/\/www.linkedin.com\/company\/urbanyte\"]}]}<\/script>\n<!-- \/ Yoast SEO plugin. -->","yoast_head_json":{"title":"URBAN.TALKS - MARCO R\u00c8A - URBANYTE","description":"Interview mit dem r\u00f6mischen Maler und Urban Artist Marco R\u00e8a: \"Kunst macht eine Gesellschaft reifer und sensibler. Ich stelle mir einen gew\u00f6hnlichen Menschen vor, der beim Spazierengehen von einem Werk an einer Wand v\u00f6llig hingerissen ist. Vielleicht begreift er die Bedeutung nicht ganz, aber er ist ersch\u00fcttert, ergriffen, fasziniert...\"","robots":{"index":"index","follow":"follow","max-snippet":"max-snippet:-1","max-image-preview":"max-image-preview:large","max-video-preview":"max-video-preview:-1"},"canonical":"https:\/\/www.urbanyte.art\/de\/marco-rea\/","og_locale":"de_DE","og_type":"article","og_title":"URBAN.TALKS - MARCO R\u00c8A - URBANYTE","og_description":"Interview mit dem r\u00f6mischen Maler und Urban Artist Marco R\u00e8a: \"Kunst macht eine Gesellschaft reifer und sensibler. Ich stelle mir einen gew\u00f6hnlichen Menschen vor, der beim Spazierengehen von einem Werk an einer Wand v\u00f6llig hingerissen ist. Vielleicht begreift er die Bedeutung nicht ganz, aber er ist ersch\u00fcttert, ergriffen, fasziniert...\"","og_url":"https:\/\/www.urbanyte.art\/de\/marco-rea\/","og_site_name":"URBANYTE","article_publisher":"https:\/\/www.facebook.com\/urbanyte.art","article_author":"https:\/\/www.facebook.com\/urbanyte.art\/","article_published_time":"2021-03-15T09:10:30+00:00","article_modified_time":"2021-03-20T10:23:36+00:00","og_image":[{"width":1300,"height":730,"url":"https:\/\/www.urbanyte.art\/wp-content\/uploads\/2021\/03\/Marco-re\u0301a-Feature-Image-2.png","type":"image\/png"}],"author":"URBANYTE","twitter_card":"summary_large_image","twitter_misc":{"Verfasst von":"URBANYTE","Gesch\u00e4tzte Lesezeit":"7\u00a0Minuten"},"schema":{"@context":"https:\/\/schema.org","@graph":[{"@type":"Article","@id":"https:\/\/www.urbanyte.art\/de\/marco-rea\/#article","isPartOf":{"@id":"https:\/\/www.urbanyte.art\/de\/marco-rea\/"},"author":{"name":"URBANYTE","@id":"https:\/\/www.urbanyte.art\/de\/#\/schema\/person\/cba1493b26e05acb123c4aff893f31b3"},"headline":"MARCO R\u00c8A","datePublished":"2021-03-15T09:10:30+00:00","dateModified":"2021-03-20T10:23:36+00:00","mainEntityOfPage":{"@id":"https:\/\/www.urbanyte.art\/de\/marco-rea\/"},"wordCount":2102,"publisher":{"@id":"https:\/\/www.urbanyte.art\/de\/#organization"},"keywords":["interview","Italien","line art","stencil"],"articleSection":["URBAN.TALKS"],"inLanguage":"de"},{"@type":"WebPage","@id":"https:\/\/www.urbanyte.art\/de\/marco-rea\/","url":"https:\/\/www.urbanyte.art\/de\/marco-rea\/","name":"URBAN.TALKS - MARCO R\u00c8A - URBANYTE","isPartOf":{"@id":"https:\/\/www.urbanyte.art\/de\/#website"},"datePublished":"2021-03-15T09:10:30+00:00","dateModified":"2021-03-20T10:23:36+00:00","description":"Interview mit dem r\u00f6mischen Maler und Urban Artist Marco R\u00e8a: \"Kunst macht eine Gesellschaft reifer und sensibler. Ich stelle mir einen gew\u00f6hnlichen Menschen vor, der beim Spazierengehen von einem Werk an einer Wand v\u00f6llig hingerissen ist. Vielleicht begreift er die Bedeutung nicht ganz, aber er ist ersch\u00fcttert, ergriffen, fasziniert...\"","breadcrumb":{"@id":"https:\/\/www.urbanyte.art\/de\/marco-rea\/#breadcrumb"},"inLanguage":"de","potentialAction":[{"@type":"ReadAction","target":["https:\/\/www.urbanyte.art\/de\/marco-rea\/"]}]},{"@type":"BreadcrumbList","@id":"https:\/\/www.urbanyte.art\/de\/marco-rea\/#breadcrumb","itemListElement":[{"@type":"ListItem","position":1,"name":"Home","item":"https:\/\/www.urbanyte.art\/de\/"},{"@type":"ListItem","position":2,"name":"MARCO R\u00c8A"}]},{"@type":"WebSite","@id":"https:\/\/www.urbanyte.art\/de\/#website","url":"https:\/\/www.urbanyte.art\/de\/","name":"URBANYTE","description":"urban and independent contemporary art","publisher":{"@id":"https:\/\/www.urbanyte.art\/de\/#organization"},"potentialAction":[{"@type":"SearchAction","target":{"@type":"EntryPoint","urlTemplate":"https:\/\/www.urbanyte.art\/de\/?s={search_term_string}"},"query-input":"required name=search_term_string"}],"inLanguage":"de"},{"@type":"Organization","@id":"https:\/\/www.urbanyte.art\/de\/#organization","name":"URBANYTE","url":"https:\/\/www.urbanyte.art\/de\/","logo":{"@type":"ImageObject","inLanguage":"de","@id":"https:\/\/www.urbanyte.art\/de\/#\/schema\/logo\/image\/","url":"https:\/\/www.urbanyte.art\/wp-content\/uploads\/2020\/11\/URBANYTE_padded_logo.png","contentUrl":"https:\/\/www.urbanyte.art\/wp-content\/uploads\/2020\/11\/URBANYTE_padded_logo.png","width":512,"height":512,"caption":"URBANYTE"},"image":{"@id":"https:\/\/www.urbanyte.art\/de\/#\/schema\/logo\/image\/"},"sameAs":["https:\/\/www.facebook.com\/urbanyte.art","https:\/\/www.instagram.com\/urbanyte.art\/","https:\/\/www.linkedin.com\/company\/urbanyte"]},{"@type":"Person","@id":"https:\/\/www.urbanyte.art\/de\/#\/schema\/person\/cba1493b26e05acb123c4aff893f31b3","name":"URBANYTE","image":{"@type":"ImageObject","inLanguage":"de","@id":"https:\/\/www.urbanyte.art\/de\/#\/schema\/person\/image\/","url":"https:\/\/secure.gravatar.com\/avatar\/2766a446626d719d2a44e941c3e107ef951bdb15674ed9d7f5b897068d8157ac?s=96&d=mm&r=g","contentUrl":"https:\/\/secure.gravatar.com\/avatar\/2766a446626d719d2a44e941c3e107ef951bdb15674ed9d7f5b897068d8157ac?s=96&d=mm&r=g","caption":"URBANYTE"},"sameAs":["http:\/\/www.urbanyte.art","https:\/\/www.facebook.com\/urbanyte.art\/","https:\/\/www.instagram.com\/urbanyte.art\/","https:\/\/www.linkedin.com\/company\/urbanyte"]}]}},"_links":{"self":[{"href":"https:\/\/www.urbanyte.art\/de\/wp-json\/wp\/v2\/posts\/6708","targetHints":{"allow":["GET"]}}],"collection":[{"href":"https:\/\/www.urbanyte.art\/de\/wp-json\/wp\/v2\/posts"}],"about":[{"href":"https:\/\/www.urbanyte.art\/de\/wp-json\/wp\/v2\/types\/post"}],"author":[{"embeddable":true,"href":"https:\/\/www.urbanyte.art\/de\/wp-json\/wp\/v2\/users\/1"}],"replies":[{"embeddable":true,"href":"https:\/\/www.urbanyte.art\/de\/wp-json\/wp\/v2\/comments?post=6708"}],"version-history":[{"count":17,"href":"https:\/\/www.urbanyte.art\/de\/wp-json\/wp\/v2\/posts\/6708\/revisions"}],"predecessor-version":[{"id":6852,"href":"https:\/\/www.urbanyte.art\/de\/wp-json\/wp\/v2\/posts\/6708\/revisions\/6852"}],"wp:featuredmedia":[{"embeddable":true,"href":"https:\/\/www.urbanyte.art\/de\/wp-json\/wp\/v2\/media\/6715"}],"wp:attachment":[{"href":"https:\/\/www.urbanyte.art\/de\/wp-json\/wp\/v2\/media?parent=6708"}],"wp:term":[{"taxonomy":"category","embeddable":true,"href":"https:\/\/www.urbanyte.art\/de\/wp-json\/wp\/v2\/categories?post=6708"},{"taxonomy":"post_tag","embeddable":true,"href":"https:\/\/www.urbanyte.art\/de\/wp-json\/wp\/v2\/tags?post=6708"}],"curies":[{"name":"wp","href":"https:\/\/api.w.org\/{rel}","templated":true}]}}