{"id":7898,"date":"2021-07-23T18:01:03","date_gmt":"2021-07-23T16:01:03","guid":{"rendered":"https:\/\/www.urbanyte.art\/?p=7898"},"modified":"2021-08-13T10:26:51","modified_gmt":"2021-08-13T08:26:51","slug":"nespoon","status":"publish","type":"post","link":"https:\/\/www.urbanyte.art\/de\/nespoon\/","title":{"rendered":"NESPOON"},"content":{"rendered":"<section class=\"wpb-content-wrapper\"><p>[vc_row][vc_column][vc_column_text]<\/p>\n<h4>Interview mit der polnischen K\u00fcnstlerin NeSpoon:<\/h4>\n<p>[\/vc_column_text][\/vc_column][\/vc_row][vc_row equal_height=&#8220;yes&#8220;][vc_column width=&#8220;1\/6&#8243;][vc_empty_space]<div class=\"edgtf-single-image-holder   \">\n    <div class=\"edgtf-si-inner\" >\n                                    <img loading=\"lazy\" decoding=\"async\" width=\"300\" height=\"235\" src=\"https:\/\/www.urbanyte.art\/wp-content\/uploads\/2020\/11\/Quote-Icon-new2-e1605979366731.png\" class=\"attachment-medium size-medium\" alt=\"\" \/>                        <\/div>\n<\/div>[\/vc_column][vc_column width=&#8220;5\/6&#8243;][vc_column_text css=&#8220;.vc_custom_1627119228958{border-top-width: 10px !important;padding-top: 15px !important;}&#8220;]<\/p>\n<h4><em><strong>Ich habe Spitze noch nie gemocht. Bevor ich anfing, mit ihr zu arbeiten, dachte ich, Spitze sei etwas Altmodisches, aus der verstaubten Wohnung einer Gro\u00dfmutter. Heute scheint es mir, dass in jeder Spitze ein universeller \u00e4sthetischer Code steckt, der tief in jeder Kultur verankert ist. <\/strong><\/em><\/h4>\n<p>[\/vc_column_text][vc_empty_space][\/vc_column][\/vc_row][vc_row][vc_column]<div class=\"edgtf-single-image-holder   \">\n    <div class=\"edgtf-si-inner\" >\n                                    <img loading=\"lazy\" decoding=\"async\" width=\"1400\" height=\"525\" src=\"https:\/\/www.urbanyte.art\/wp-content\/uploads\/2021\/07\/NeSpoon.Bombarral.Portugal.2017.07.02new.jpg\" class=\"attachment-full size-full\" alt=\"\" srcset=\"https:\/\/www.urbanyte.art\/wp-content\/uploads\/2021\/07\/NeSpoon.Bombarral.Portugal.2017.07.02new.jpg 1400w, https:\/\/www.urbanyte.art\/wp-content\/uploads\/2021\/07\/NeSpoon.Bombarral.Portugal.2017.07.02new-300x113.jpg 300w, https:\/\/www.urbanyte.art\/wp-content\/uploads\/2021\/07\/NeSpoon.Bombarral.Portugal.2017.07.02new-1024x384.jpg 1024w, https:\/\/www.urbanyte.art\/wp-content\/uploads\/2021\/07\/NeSpoon.Bombarral.Portugal.2017.07.02new-768x288.jpg 768w\" sizes=\"auto, (max-width: 1400px) 100vw, 1400px\" \/>                        <\/div>\n<\/div>[vc_column_text]<\/p>\n<p style=\"text-align: right;\"><span style=\"color: #999999;\">Bombarral, Portugal I 2017<\/span><\/p>\n<p>[\/vc_column_text][vc_empty_space height=&#8220;22px&#8220;][\/vc_column][\/vc_row][vc_row][vc_column][vc_column_text]<\/p>\n<h5><strong>Wie kam es zu dem Namen NeSpoon?<\/strong><\/h5>\n<p><span style=\"font-weight: 400;\">Er kommt von &#8222;There is no spoon&#8220;, dem Satz aus dem Film The Matrix. Kurz gesagt, bedeutet es, dass die Grenzen nur in deinem Kopf sind. Wenn du das erkennst, kannst du von einem Wolkenkratzer zum anderen springen.\u00a0\u00a0<\/span><\/p>\n<p><span style=\"font-weight: 400;\">\u00dcbrigens, NeSpoon ist mein richtiger Name, legal, kein Pseudonym. Ich wei\u00df nicht, wer El\u017cbieta Dymna ist.<\/span>[\/vc_column_text][vc_empty_space][\/vc_column][\/vc_row][vc_row][vc_column width=&#8220;1\/3&#8243;]<div class=\"edgtf-single-image-holder   \">\n    <div class=\"edgtf-si-inner\" >\n                                    <img loading=\"lazy\" decoding=\"async\" width=\"1200\" height=\"900\" src=\"https:\/\/www.urbanyte.art\/wp-content\/uploads\/2021\/07\/Nespoon-.png\" class=\"attachment-full size-full\" alt=\"\" srcset=\"https:\/\/www.urbanyte.art\/wp-content\/uploads\/2021\/07\/Nespoon-.png 1200w, https:\/\/www.urbanyte.art\/wp-content\/uploads\/2021\/07\/Nespoon--300x225.png 300w, https:\/\/www.urbanyte.art\/wp-content\/uploads\/2021\/07\/Nespoon--1024x768.png 1024w, https:\/\/www.urbanyte.art\/wp-content\/uploads\/2021\/07\/Nespoon--768x576.png 768w\" sizes=\"auto, (max-width: 1200px) 100vw, 1200px\" \/>                        <\/div>\n<\/div>[vc_column_text]<span style=\"color: #999999;\">Calais, France I 2020<\/span>[\/vc_column_text][vc_empty_space height=&#8220;22px&#8220;][\/vc_column][vc_column width=&#8220;1\/3&#8243;]<div class=\"edgtf-single-image-holder   \">\n    <div class=\"edgtf-si-inner\" >\n                                    <img loading=\"lazy\" decoding=\"async\" width=\"1200\" height=\"900\" src=\"https:\/\/www.urbanyte.art\/wp-content\/uploads\/2021\/07\/000NeSpoon.Valencia.Spain_.2017.06.jpg\" class=\"attachment-full size-full\" alt=\"\" srcset=\"https:\/\/www.urbanyte.art\/wp-content\/uploads\/2021\/07\/000NeSpoon.Valencia.Spain_.2017.06.jpg 1200w, https:\/\/www.urbanyte.art\/wp-content\/uploads\/2021\/07\/000NeSpoon.Valencia.Spain_.2017.06-300x225.jpg 300w, https:\/\/www.urbanyte.art\/wp-content\/uploads\/2021\/07\/000NeSpoon.Valencia.Spain_.2017.06-1024x768.jpg 1024w, https:\/\/www.urbanyte.art\/wp-content\/uploads\/2021\/07\/000NeSpoon.Valencia.Spain_.2017.06-768x576.jpg 768w\" sizes=\"auto, (max-width: 1200px) 100vw, 1200px\" \/>                        <\/div>\n<\/div>[vc_column_text]<span style=\"color: #999999;\">Valencia, Spain I 2017<\/span>[\/vc_column_text][vc_empty_space height=&#8220;22px&#8220;][\/vc_column][vc_column width=&#8220;1\/3&#8243;]<div class=\"edgtf-single-image-holder   \">\n    <div class=\"edgtf-si-inner\" >\n                                    <img loading=\"lazy\" decoding=\"async\" width=\"1200\" height=\"900\" src=\"https:\/\/www.urbanyte.art\/wp-content\/uploads\/2021\/07\/NeSpoon.Kristiansand.Norway_.05.2018.11.jpg\" class=\"attachment-full size-full\" alt=\"\" srcset=\"https:\/\/www.urbanyte.art\/wp-content\/uploads\/2021\/07\/NeSpoon.Kristiansand.Norway_.05.2018.11.jpg 1200w, https:\/\/www.urbanyte.art\/wp-content\/uploads\/2021\/07\/NeSpoon.Kristiansand.Norway_.05.2018.11-300x225.jpg 300w, https:\/\/www.urbanyte.art\/wp-content\/uploads\/2021\/07\/NeSpoon.Kristiansand.Norway_.05.2018.11-1024x768.jpg 1024w, https:\/\/www.urbanyte.art\/wp-content\/uploads\/2021\/07\/NeSpoon.Kristiansand.Norway_.05.2018.11-768x576.jpg 768w\" sizes=\"auto, (max-width: 1200px) 100vw, 1200px\" \/>                        <\/div>\n<\/div>[vc_column_text]<span style=\"color: #999999;\">Kristiansand, Norway I 2018<\/span>[\/vc_column_text][vc_empty_space height=&#8220;22px&#8220;][\/vc_column][\/vc_row][vc_row][vc_column][vc_column_text]<\/p>\n<h5><strong>Hast du eine formale Kunstausbildung? Wie und warum hast du in der urbanen Kunstszene angefangen?<\/strong><\/h5>\n<p><span style=\"font-weight: 400;\">Ich male schon, solange ich denken kann, seit dem Kindergarten. Im Alter von sechs Jahren wollte ich eine &#8222;richtige K\u00fcnstlerin&#8220; sein, als andere M\u00e4dchen davon tr\u00e4umten, Prinzessinnen oder Feen zu sein. Allerdings habe ich erst 2009 angefangen, Kunst auf der Stra\u00dfe zu machen.\u00a0<\/span><\/p>\n<p><span style=\"font-weight: 400;\">Davor habe ich dunkle, traurige \u00d6lbilder gemalt. Irgendwann fand ich, dass das eine Sackgasse war. Ich hatte eine zweij\u00e4hrige Pause, und dann begann ich, mich mit Keramik zu besch\u00e4ftigen. Keramische Objekte mit Spitzenmotiven waren auch die ersten Arbeiten, die ich auf der Stra\u00dfe platzierte. In den folgenden Jahren kamen Graffiti, Murals und Installationen hinzu.<\/span>[\/vc_column_text][vc_empty_space][\/vc_column][\/vc_row][vc_row][vc_column]<div class=\"edgtf-single-image-holder   \">\n    <div class=\"edgtf-si-inner\" >\n                                    <img loading=\"lazy\" decoding=\"async\" width=\"1400\" height=\"597\" src=\"https:\/\/www.urbanyte.art\/wp-content\/uploads\/2021\/07\/nespoon-4.jpeg\" class=\"attachment-full size-full\" alt=\"\" srcset=\"https:\/\/www.urbanyte.art\/wp-content\/uploads\/2021\/07\/nespoon-4.jpeg 1400w, https:\/\/www.urbanyte.art\/wp-content\/uploads\/2021\/07\/nespoon-4-300x128.jpeg 300w, https:\/\/www.urbanyte.art\/wp-content\/uploads\/2021\/07\/nespoon-4-1024x437.jpeg 1024w, https:\/\/www.urbanyte.art\/wp-content\/uploads\/2021\/07\/nespoon-4-768x327.jpeg 768w\" sizes=\"auto, (max-width: 1400px) 100vw, 1400px\" \/>                        <\/div>\n<\/div>[vc_empty_space height=&#8220;22px&#8220;][\/vc_column][\/vc_row][vc_row][vc_column][vc_column_text]<\/p>\n<h5><strong>Du bist bekannt f\u00fcr deine gro\u00dfen Spitzen-Wandbilder, die H\u00e4user auf der ganzen Welt bedecken, aber du arbeitest auch mit Farbe, Skulpturen und T\u00f6pferwaren. Urbane Kunst aus Keramik ist das Herzst\u00fcck deiner Aktivit\u00e4t, und \u00fcber die Jahre hast du mehrere hundert Keramikobjekte auf den Stra\u00dfen verschiedener St\u00e4dte rund um den Globus hinterlassen. Welche Techniken verwendest du? Was verbindet deine verschiedenen k\u00fcnstlerischen Bereiche?<\/strong><\/h5>\n<p><span style=\"font-weight: 400;\">Ich langweile mich leicht und wechsle oft die Techniken. Ich lerne immer etwas Neues; in letzter Zeit ist es der Siebdruck. F\u00fcr illegale Graffiti benutze ich Stencils. F\u00fcr Wandmalereien benutze ich sowohl Stencils als auch freie Handmalerei, je nach Projekt. In einer Galerie kann es Videokunst oder Skulptur sein &#8211; warum nicht?\u00a0<\/span><\/p>\n<p><span style=\"font-weight: 400;\">Mein Grundmedium ist jedoch die Keramik. Ton und Farbe sind sehr nat\u00fcrliche Substanzen, nahe am Element Erde. Ich mag es, k\u00f6rperlichen Kontakt mit ihnen zu haben, mir die H\u00e4nde schmutzig zu machen.<\/span>[\/vc_column_text][vc_empty_space][\/vc_column][\/vc_row][vc_row][vc_column width=&#8220;1\/3&#8243;]<div class=\"edgtf-single-image-holder   \">\n    <div class=\"edgtf-si-inner\" >\n                                    <img loading=\"lazy\" decoding=\"async\" width=\"1200\" height=\"866\" src=\"https:\/\/www.urbanyte.art\/wp-content\/uploads\/2021\/07\/Bildschirmfoto-2021-07-22-um-18.26.28.png\" class=\"attachment-full size-full\" alt=\"\" srcset=\"https:\/\/www.urbanyte.art\/wp-content\/uploads\/2021\/07\/Bildschirmfoto-2021-07-22-um-18.26.28.png 1200w, https:\/\/www.urbanyte.art\/wp-content\/uploads\/2021\/07\/Bildschirmfoto-2021-07-22-um-18.26.28-300x217.png 300w, https:\/\/www.urbanyte.art\/wp-content\/uploads\/2021\/07\/Bildschirmfoto-2021-07-22-um-18.26.28-1024x739.png 1024w, https:\/\/www.urbanyte.art\/wp-content\/uploads\/2021\/07\/Bildschirmfoto-2021-07-22-um-18.26.28-768x554.png 768w\" sizes=\"auto, (max-width: 1200px) 100vw, 1200px\" \/>                        <\/div>\n<\/div>[vc_column_text]<span style=\"color: #999999;\">Corsica, France I 2020<\/span>[\/vc_column_text][vc_empty_space height=&#8220;22px&#8220;][\/vc_column][vc_column width=&#8220;1\/3&#8243;]<div class=\"edgtf-single-image-holder   \">\n    <div class=\"edgtf-si-inner\" >\n                                    <img loading=\"lazy\" decoding=\"async\" width=\"1200\" height=\"866\" src=\"https:\/\/www.urbanyte.art\/wp-content\/uploads\/2021\/07\/nespoon-ceramic.jpg\" class=\"attachment-full size-full\" alt=\"\" srcset=\"https:\/\/www.urbanyte.art\/wp-content\/uploads\/2021\/07\/nespoon-ceramic.jpg 1200w, https:\/\/www.urbanyte.art\/wp-content\/uploads\/2021\/07\/nespoon-ceramic-300x217.jpg 300w, https:\/\/www.urbanyte.art\/wp-content\/uploads\/2021\/07\/nespoon-ceramic-1024x739.jpg 1024w, https:\/\/www.urbanyte.art\/wp-content\/uploads\/2021\/07\/nespoon-ceramic-768x554.jpg 768w\" sizes=\"auto, (max-width: 1200px) 100vw, 1200px\" \/>                        <\/div>\n<\/div>[vc_column_text]<span style=\"color: #999999;\">Mumbaj, India I 2012<\/span>[\/vc_column_text][vc_empty_space height=&#8220;22px&#8220;][\/vc_column][vc_column width=&#8220;1\/3&#8243;]<div class=\"edgtf-single-image-holder   \">\n    <div class=\"edgtf-si-inner\" >\n                                    <img loading=\"lazy\" decoding=\"async\" width=\"1200\" height=\"866\" src=\"https:\/\/www.urbanyte.art\/wp-content\/uploads\/2021\/07\/newNeSpoon.KohRong.Cambodja.2020.01.jpg\" class=\"attachment-full size-full\" alt=\"\" srcset=\"https:\/\/www.urbanyte.art\/wp-content\/uploads\/2021\/07\/newNeSpoon.KohRong.Cambodja.2020.01.jpg 1200w, https:\/\/www.urbanyte.art\/wp-content\/uploads\/2021\/07\/newNeSpoon.KohRong.Cambodja.2020.01-300x217.jpg 300w, https:\/\/www.urbanyte.art\/wp-content\/uploads\/2021\/07\/newNeSpoon.KohRong.Cambodja.2020.01-1024x739.jpg 1024w, https:\/\/www.urbanyte.art\/wp-content\/uploads\/2021\/07\/newNeSpoon.KohRong.Cambodja.2020.01-768x554.jpg 768w\" sizes=\"auto, (max-width: 1200px) 100vw, 1200px\" \/>                        <\/div>\n<\/div>[vc_column_text]<span style=\"color: #999999;\">KohRong, Cambodja I 2020<\/span>[\/vc_column_text][vc_empty_space height=&#8220;22px&#8220;][\/vc_column][\/vc_row][vc_row][vc_column width=&#8220;1\/3&#8243;]<div class=\"edgtf-single-image-holder   \">\n    <div class=\"edgtf-si-inner\" >\n                                    <img loading=\"lazy\" decoding=\"async\" width=\"1200\" height=\"800\" src=\"https:\/\/www.urbanyte.art\/wp-content\/uploads\/2021\/07\/Bildschirmfoto-2021-07-22-um-20.15.28.jpg\" class=\"attachment-full size-full\" alt=\"\" srcset=\"https:\/\/www.urbanyte.art\/wp-content\/uploads\/2021\/07\/Bildschirmfoto-2021-07-22-um-20.15.28.jpg 1200w, https:\/\/www.urbanyte.art\/wp-content\/uploads\/2021\/07\/Bildschirmfoto-2021-07-22-um-20.15.28-300x200.jpg 300w, https:\/\/www.urbanyte.art\/wp-content\/uploads\/2021\/07\/Bildschirmfoto-2021-07-22-um-20.15.28-1024x683.jpg 1024w, https:\/\/www.urbanyte.art\/wp-content\/uploads\/2021\/07\/Bildschirmfoto-2021-07-22-um-20.15.28-768x512.jpg 768w\" sizes=\"auto, (max-width: 1200px) 100vw, 1200px\" \/>                        <\/div>\n<\/div>[vc_column_text]<span style=\"color: #999999;\">Belorado, Spain I 2019<\/span>[\/vc_column_text][vc_empty_space height=&#8220;22px&#8220;][\/vc_column][vc_column width=&#8220;1\/3&#8243;]<div class=\"edgtf-single-image-holder   \">\n    <div class=\"edgtf-si-inner\" >\n                                    <img loading=\"lazy\" decoding=\"async\" width=\"1200\" height=\"800\" src=\"https:\/\/www.urbanyte.art\/wp-content\/uploads\/2021\/07\/Bildschirmfoto-2021-07-22-um-18.25.34.png\" class=\"attachment-full size-full\" alt=\"\" srcset=\"https:\/\/www.urbanyte.art\/wp-content\/uploads\/2021\/07\/Bildschirmfoto-2021-07-22-um-18.25.34.png 1200w, https:\/\/www.urbanyte.art\/wp-content\/uploads\/2021\/07\/Bildschirmfoto-2021-07-22-um-18.25.34-300x200.png 300w, https:\/\/www.urbanyte.art\/wp-content\/uploads\/2021\/07\/Bildschirmfoto-2021-07-22-um-18.25.34-1024x683.png 1024w, https:\/\/www.urbanyte.art\/wp-content\/uploads\/2021\/07\/Bildschirmfoto-2021-07-22-um-18.25.34-768x512.png 768w\" sizes=\"auto, (max-width: 1200px) 100vw, 1200px\" \/>                        <\/div>\n<\/div>[vc_column_text]<span style=\"color: #999999;\">Fund\u00e3o, Portugal I 2014<\/span>[\/vc_column_text][vc_empty_space height=&#8220;22px&#8220;][\/vc_column][vc_column width=&#8220;1\/3&#8243;]<div class=\"edgtf-single-image-holder   \">\n    <div class=\"edgtf-si-inner\" >\n                                    <img loading=\"lazy\" decoding=\"async\" width=\"1200\" height=\"800\" src=\"https:\/\/www.urbanyte.art\/wp-content\/uploads\/2021\/07\/000NeSpoon.Favara.Sicily.IT_.2019.01.jpg\" class=\"attachment-full size-full\" alt=\"\" srcset=\"https:\/\/www.urbanyte.art\/wp-content\/uploads\/2021\/07\/000NeSpoon.Favara.Sicily.IT_.2019.01.jpg 1200w, https:\/\/www.urbanyte.art\/wp-content\/uploads\/2021\/07\/000NeSpoon.Favara.Sicily.IT_.2019.01-300x200.jpg 300w, https:\/\/www.urbanyte.art\/wp-content\/uploads\/2021\/07\/000NeSpoon.Favara.Sicily.IT_.2019.01-1024x683.jpg 1024w, https:\/\/www.urbanyte.art\/wp-content\/uploads\/2021\/07\/000NeSpoon.Favara.Sicily.IT_.2019.01-768x512.jpg 768w\" sizes=\"auto, (max-width: 1200px) 100vw, 1200px\" \/>                        <\/div>\n<\/div>[vc_column_text]<span style=\"color: #999999;\">Favara, Sicily, Italy I 2019<\/span>[\/vc_column_text][vc_empty_space height=&#8220;22px&#8220;][\/vc_column][\/vc_row][vc_row][vc_column][vc_column_text]<\/p>\n<h5><strong>Warum Spitze?\u00a0<\/strong><\/h5>\n<p><span style=\"font-weight: 400;\">Ich habe Spitze noch nie gemocht. Bevor ich anfing, mit ihr zu arbeiten, dachte ich, Spitze sei etwas Altmodisches, aus der verstaubten Wohnung einer Gro\u00dfmutter. Heute scheint es mir, dass in jeder Spitze ein universeller \u00e4sthetischer Code steckt, der tief in jeder Kultur verankert ist. Wenn ich meinen Keramiken Farben hinzuf\u00fcge, sagen die Leute, dass ich von tibetischen Mandalas inspiriert bin, oder von marokkanischer Keramik, oder sogar von einheimischer pr\u00e4kolumbianischer Kunst. Spitzenmuster enthalten einen sehr grundlegenden Code der Sch\u00f6nheit, der f\u00fcr die meisten Menschen auf der Erde gilt. Ich denke, das liegt daran, dass diese Motive aus der Natur kommen. Sie sind \u00fcberall um uns herum pr\u00e4sent, in Bl\u00fctenkelchen, in Schneeflocken, im Reif auf dem Fenster, in den Skeletten von Meeresbewohnern. Sie sind \u00e4lter als die Menschheit.<\/span>[\/vc_column_text][vc_empty_space][\/vc_column][\/vc_row][vc_row][vc_column width=&#8220;1\/3&#8243;]<div class=\"edgtf-single-image-holder   \">\n    <div class=\"edgtf-si-inner\" >\n                                    <img loading=\"lazy\" decoding=\"async\" width=\"1200\" height=\"925\" src=\"https:\/\/www.urbanyte.art\/wp-content\/uploads\/2021\/07\/nespoon-4.4.jpg\" class=\"attachment-full size-full\" alt=\"\" srcset=\"https:\/\/www.urbanyte.art\/wp-content\/uploads\/2021\/07\/nespoon-4.4.jpg 1200w, https:\/\/www.urbanyte.art\/wp-content\/uploads\/2021\/07\/nespoon-4.4-300x231.jpg 300w, https:\/\/www.urbanyte.art\/wp-content\/uploads\/2021\/07\/nespoon-4.4-1024x789.jpg 1024w, https:\/\/www.urbanyte.art\/wp-content\/uploads\/2021\/07\/nespoon-4.4-768x592.jpg 768w\" sizes=\"auto, (max-width: 1200px) 100vw, 1200px\" \/>                        <\/div>\n<\/div>[vc_column_text]<span style=\"color: #999999;\">Callac, France | 2021\u00a0<\/span>[\/vc_column_text][vc_empty_space height=&#8220;22px&#8220;][\/vc_column][vc_column width=&#8220;1\/3&#8243;]<div class=\"edgtf-single-image-holder   \">\n    <div class=\"edgtf-si-inner\" >\n                                    <img loading=\"lazy\" decoding=\"async\" width=\"1200\" height=\"925\" src=\"https:\/\/www.urbanyte.art\/wp-content\/uploads\/2021\/07\/nespoon-4.5.jpg\" class=\"attachment-full size-full\" alt=\"\" srcset=\"https:\/\/www.urbanyte.art\/wp-content\/uploads\/2021\/07\/nespoon-4.5.jpg 1200w, https:\/\/www.urbanyte.art\/wp-content\/uploads\/2021\/07\/nespoon-4.5-300x231.jpg 300w, https:\/\/www.urbanyte.art\/wp-content\/uploads\/2021\/07\/nespoon-4.5-1024x789.jpg 1024w, https:\/\/www.urbanyte.art\/wp-content\/uploads\/2021\/07\/nespoon-4.5-768x592.jpg 768w\" sizes=\"auto, (max-width: 1200px) 100vw, 1200px\" \/>                        <\/div>\n<\/div>[vc_column_text]<span style=\"color: #999999;\">Le Locle, Switzerland | 2019<\/span>[\/vc_column_text][vc_empty_space height=&#8220;22px&#8220;][\/vc_column][vc_column width=&#8220;1\/3&#8243;]<div class=\"edgtf-single-image-holder   \">\n    <div class=\"edgtf-si-inner\" >\n                                    <img loading=\"lazy\" decoding=\"async\" width=\"1200\" height=\"925\" src=\"https:\/\/www.urbanyte.art\/wp-content\/uploads\/2021\/07\/nespoon-4.6.jpg\" class=\"attachment-full size-full\" alt=\"\" srcset=\"https:\/\/www.urbanyte.art\/wp-content\/uploads\/2021\/07\/nespoon-4.6.jpg 1200w, https:\/\/www.urbanyte.art\/wp-content\/uploads\/2021\/07\/nespoon-4.6-300x231.jpg 300w, https:\/\/www.urbanyte.art\/wp-content\/uploads\/2021\/07\/nespoon-4.6-1024x789.jpg 1024w, https:\/\/www.urbanyte.art\/wp-content\/uploads\/2021\/07\/nespoon-4.6-768x592.jpg 768w\" sizes=\"auto, (max-width: 1200px) 100vw, 1200px\" \/>                        <\/div>\n<\/div>[vc_column_text]<span style=\"color: #999999;\">Sisak, Croatia I 2019<\/span>[\/vc_column_text][vc_empty_space height=&#8220;22px&#8220;][\/vc_column][\/vc_row][vc_row][vc_column width=&#8220;1\/3&#8243;]<div class=\"edgtf-single-image-holder   \">\n    <div class=\"edgtf-si-inner\" >\n                                    <img loading=\"lazy\" decoding=\"async\" width=\"1200\" height=\"799\" src=\"https:\/\/www.urbanyte.art\/wp-content\/uploads\/2021\/07\/nespoon-4.1.jpg\" class=\"attachment-full size-full\" alt=\"\" srcset=\"https:\/\/www.urbanyte.art\/wp-content\/uploads\/2021\/07\/nespoon-4.1.jpg 1200w, https:\/\/www.urbanyte.art\/wp-content\/uploads\/2021\/07\/nespoon-4.1-300x200.jpg 300w, https:\/\/www.urbanyte.art\/wp-content\/uploads\/2021\/07\/nespoon-4.1-1024x682.jpg 1024w, https:\/\/www.urbanyte.art\/wp-content\/uploads\/2021\/07\/nespoon-4.1-768x511.jpg 768w\" sizes=\"auto, (max-width: 1200px) 100vw, 1200px\" \/>                        <\/div>\n<\/div>[vc_column_text]<span style=\"color: #999999;\">Grottaglie, Italy | 2011\u00a0<\/span>[\/vc_column_text][vc_empty_space height=&#8220;22px&#8220;][\/vc_column][vc_column width=&#8220;1\/3&#8243;]<div class=\"edgtf-single-image-holder   \">\n    <div class=\"edgtf-si-inner\" >\n                                    <img loading=\"lazy\" decoding=\"async\" width=\"1200\" height=\"800\" src=\"https:\/\/www.urbanyte.art\/wp-content\/uploads\/2021\/07\/nespoon-4.2.jpg\" class=\"attachment-full size-full\" alt=\"\" srcset=\"https:\/\/www.urbanyte.art\/wp-content\/uploads\/2021\/07\/nespoon-4.2.jpg 1200w, https:\/\/www.urbanyte.art\/wp-content\/uploads\/2021\/07\/nespoon-4.2-300x200.jpg 300w, https:\/\/www.urbanyte.art\/wp-content\/uploads\/2021\/07\/nespoon-4.2-1024x683.jpg 1024w, https:\/\/www.urbanyte.art\/wp-content\/uploads\/2021\/07\/nespoon-4.2-768x512.jpg 768w\" sizes=\"auto, (max-width: 1200px) 100vw, 1200px\" \/>                        <\/div>\n<\/div>[vc_column_text]<span style=\"color: #999999;\">Sisak, Croatia | 2019<\/span>[\/vc_column_text][vc_empty_space height=&#8220;22px&#8220;][\/vc_column][vc_column width=&#8220;1\/3&#8243;]<div class=\"edgtf-single-image-holder   \">\n    <div class=\"edgtf-si-inner\" >\n                                    <img loading=\"lazy\" decoding=\"async\" width=\"1200\" height=\"799\" src=\"https:\/\/www.urbanyte.art\/wp-content\/uploads\/2021\/07\/nespoon-4.3.jpg\" class=\"attachment-full size-full\" alt=\"\" srcset=\"https:\/\/www.urbanyte.art\/wp-content\/uploads\/2021\/07\/nespoon-4.3.jpg 1200w, https:\/\/www.urbanyte.art\/wp-content\/uploads\/2021\/07\/nespoon-4.3-300x200.jpg 300w, https:\/\/www.urbanyte.art\/wp-content\/uploads\/2021\/07\/nespoon-4.3-1024x682.jpg 1024w, https:\/\/www.urbanyte.art\/wp-content\/uploads\/2021\/07\/nespoon-4.3-768x511.jpg 768w\" sizes=\"auto, (max-width: 1200px) 100vw, 1200px\" \/>                        <\/div>\n<\/div>[vc_column_text]<span style=\"color: #999999;\">Fundao, Portugal | 2014<\/span>[\/vc_column_text][vc_empty_space height=&#8220;22px&#8220;][\/vc_column][\/vc_row][vc_row][vc_column][vc_column_text]<\/p>\n<h5><strong>Was sind deine Inspirationsquellen?\u00a0<\/strong><\/h5>\n<p><span style=\"font-weight: 400;\">Meine Kunst entsteht immer in situ, in einem lokalen Kontext. Ich verwende immer lokale Spitzenmuster, wenn sie existieren. Ich schaue mir lokale Museen an. Ich respektiere und gedenke der emotionalen Bindung zwischen einzelnen Mustern und bestimmten St\u00e4dten oder sogar bestimmten Gruppen von Kl\u00f6pplerinnen. Wenn es in der Gegend, in der ich arbeite, keine Tradition des Kl\u00f6ppelns gibt, frage ich in den H\u00e4usern \u00e4lterer Menschen, die in der N\u00e4he wohnen, nach Spitzenstoffen. Ich finde immer etwas. Mein letztes Wandbild, das ich diesen Monat in Griechenland gemacht habe, basiert auf einem Kl\u00f6ppelmuster, das von der Mutter des Besitzers des Hauses, das ich bemalt habe, gemacht wurde. <\/span>[\/vc_column_text][vc_empty_space][\/vc_column][\/vc_row][vc_row][vc_column]<div class=\"edgtf-single-image-holder   \">\n    <div class=\"edgtf-si-inner\" >\n                                    <img loading=\"lazy\" decoding=\"async\" width=\"1400\" height=\"525\" src=\"https:\/\/www.urbanyte.art\/wp-content\/uploads\/2021\/07\/NeSpoon.Patras.GR_.06.2021.01.jpg\" class=\"attachment-full size-full\" alt=\"\" srcset=\"https:\/\/www.urbanyte.art\/wp-content\/uploads\/2021\/07\/NeSpoon.Patras.GR_.06.2021.01.jpg 1400w, https:\/\/www.urbanyte.art\/wp-content\/uploads\/2021\/07\/NeSpoon.Patras.GR_.06.2021.01-300x113.jpg 300w, https:\/\/www.urbanyte.art\/wp-content\/uploads\/2021\/07\/NeSpoon.Patras.GR_.06.2021.01-1024x384.jpg 1024w, https:\/\/www.urbanyte.art\/wp-content\/uploads\/2021\/07\/NeSpoon.Patras.GR_.06.2021.01-768x288.jpg 768w\" sizes=\"auto, (max-width: 1400px) 100vw, 1400px\" \/>                        <\/div>\n<\/div>[vc_column_text]<span style=\"color: #999999;\">Art Walk Festival | Patras, Greece | 2021<\/span>[\/vc_column_text][vc_empty_space height=&#8220;22px&#8220;][\/vc_column][\/vc_row][vc_row][vc_column][vc_column_text]<\/p>\n<h5><b>Welche Reaktionen willst du beim Betrachter hervorrufen?<\/b><\/h5>\n<p><span style=\"font-weight: 400;\">Einmal malte ich ein gro\u00dfes, illegales Werk unter einer \u00dcberf\u00fchrung, in der N\u00e4he einer Kirche. Pl\u00f6tzlich tauchten die Cops auf. Nat\u00fcrlich hatte ich keine Erlaubnis, also lie\u00dfen sie mich nicht zu Ende malen und fingen an, einen Strafzettel zu schreiben. In diesem Moment endete die Messe in der Kirche und ein Dutzend \u00e4lterer Frauen kam heraus. Als sie her\u00fcberkamen und sahen, was ich malte, schrien sie die Polizisten an, mich in Ruhe zu lassen. Nach zwanzig Minuten Streit gewannen sie, die Polizisten gingen und ich konnte fertig malen. Das ist die Art von Reaktion, die ich gerne hervorrufen w\u00fcrde.<\/span>[\/vc_column_text][vc_empty_space height=&#8220;22px&#8220;][vc_column_text]<\/p>\n<h5><b>Also denkst du, dass durch die Einbeziehung alter Traditionen und Handwerke in deine Kunst, diese f\u00fcr mehr Menschen zug\u00e4nglich ist, besonders f\u00fcr die \u00e4ltere Generation?\u00a0<\/b><\/h5>\n<p><span style=\"font-weight: 400;\">Ganz genau. Aber ich glaube auch, dass meine Werke positive Energie ausstrahlen, was auch immer das bedeutet. Die Leute m\u00f6gen sie einfach; viele Menschen l\u00e4cheln, wenn sie sie sehen.\u00a0<\/span>[\/vc_column_text][vc_empty_space][\/vc_column][\/vc_row][vc_row][vc_column width=&#8220;1\/3&#8243;]<div class=\"edgtf-single-image-holder   \">\n    <div class=\"edgtf-si-inner\" >\n                                    <img loading=\"lazy\" decoding=\"async\" width=\"1200\" height=\"798\" src=\"https:\/\/www.urbanyte.art\/wp-content\/uploads\/2021\/07\/000NeSpoon.Warsaw.PL_.2012.06.jpg\" class=\"attachment-full size-full\" alt=\"\" srcset=\"https:\/\/www.urbanyte.art\/wp-content\/uploads\/2021\/07\/000NeSpoon.Warsaw.PL_.2012.06.jpg 1200w, https:\/\/www.urbanyte.art\/wp-content\/uploads\/2021\/07\/000NeSpoon.Warsaw.PL_.2012.06-300x200.jpg 300w, https:\/\/www.urbanyte.art\/wp-content\/uploads\/2021\/07\/000NeSpoon.Warsaw.PL_.2012.06-1024x681.jpg 1024w, https:\/\/www.urbanyte.art\/wp-content\/uploads\/2021\/07\/000NeSpoon.Warsaw.PL_.2012.06-768x511.jpg 768w\" sizes=\"auto, (max-width: 1200px) 100vw, 1200px\" \/>                        <\/div>\n<\/div>[vc_column_text]<span style=\"color: #999999;\">Warsaw, Poland | 2012<\/span>[\/vc_column_text][vc_empty_space height=&#8220;22px&#8220;][\/vc_column][vc_column width=&#8220;1\/3&#8243;]<div class=\"edgtf-single-image-holder   \">\n    <div class=\"edgtf-si-inner\" >\n                                    <img loading=\"lazy\" decoding=\"async\" width=\"1200\" height=\"798\" src=\"https:\/\/www.urbanyte.art\/wp-content\/uploads\/2021\/07\/000NeSpoon.Warsaw.2015-1.jpg\" class=\"attachment-full size-full\" alt=\"\" srcset=\"https:\/\/www.urbanyte.art\/wp-content\/uploads\/2021\/07\/000NeSpoon.Warsaw.2015-1.jpg 1200w, https:\/\/www.urbanyte.art\/wp-content\/uploads\/2021\/07\/000NeSpoon.Warsaw.2015-1-300x200.jpg 300w, https:\/\/www.urbanyte.art\/wp-content\/uploads\/2021\/07\/000NeSpoon.Warsaw.2015-1-1024x681.jpg 1024w, https:\/\/www.urbanyte.art\/wp-content\/uploads\/2021\/07\/000NeSpoon.Warsaw.2015-1-768x511.jpg 768w\" sizes=\"auto, (max-width: 1200px) 100vw, 1200px\" \/>                        <\/div>\n<\/div>[vc_column_text]<span style=\"color: #999999;\">Warsaw, Poland | 2013<\/span>[\/vc_column_text][vc_empty_space height=&#8220;22px&#8220;][\/vc_column][vc_column width=&#8220;1\/3&#8243;]<div class=\"edgtf-single-image-holder   \">\n    <div class=\"edgtf-si-inner\" >\n                                    <img loading=\"lazy\" decoding=\"async\" width=\"1200\" height=\"798\" src=\"https:\/\/www.urbanyte.art\/wp-content\/uploads\/2021\/07\/000NeSpoon.Helsinki.FIN_.2018.03.jpg\" class=\"attachment-full size-full\" alt=\"\" srcset=\"https:\/\/www.urbanyte.art\/wp-content\/uploads\/2021\/07\/000NeSpoon.Helsinki.FIN_.2018.03.jpg 1200w, https:\/\/www.urbanyte.art\/wp-content\/uploads\/2021\/07\/000NeSpoon.Helsinki.FIN_.2018.03-300x200.jpg 300w, https:\/\/www.urbanyte.art\/wp-content\/uploads\/2021\/07\/000NeSpoon.Helsinki.FIN_.2018.03-1024x681.jpg 1024w, https:\/\/www.urbanyte.art\/wp-content\/uploads\/2021\/07\/000NeSpoon.Helsinki.FIN_.2018.03-768x511.jpg 768w\" sizes=\"auto, (max-width: 1200px) 100vw, 1200px\" \/>                        <\/div>\n<\/div>[vc_column_text]<\/p>\n<p class=\"fbx-caption-title\"><span style=\"color: #999999;\">Helsinki, Finnland | 2018<\/span><\/p>\n<p>[\/vc_column_text][vc_empty_space height=&#8220;22px&#8220;][\/vc_column][\/vc_row][vc_row][vc_column][vc_column_text]<\/p>\n<h5><b>Dein Ziel ist es, &#8222;positive Kunst zu schaffen und mit positiven Emotionen zu arbeiten&#8220;, aber du nutzt deine Werke auch, um auf soziale und politische Themen aufmerksam zu machen, die dir wichtig sind. Mit welchen Themen besch\u00e4ftigen sich deine Werke? Wie schaffst du es, &#8222;schwere&#8220; Themen in deiner zarten Kunst zu vermitteln?<\/b><\/h5>\n<p><span style=\"font-weight: 400;\">Ich spreche in meinen Arbeiten Probleme wie die drohende Wasserkrise, die Abholzung der W\u00e4lder, Nachkriegstraumata, religi\u00f6se Radikalisierung oder Fake News an, aber diese Projekte sind in der Wahrnehmung nicht so einfach wie filigrane Street Art, daher sind sie nicht so popul\u00e4r. Meine Herangehensweise an schwierige Themen ist wie ein Sprichwort: &#8222;Anstatt das B\u00f6se zu bek\u00e4mpfen, ist es besser, das Gute zu verbreiten.&#8220;<\/span>[\/vc_column_text][vc_empty_space height=&#8220;22px&#8220;][vc_video link=&#8220;https:\/\/www.youtube.com\/embed\/FaREzWlMtrc&#8220;][vc_empty_space][\/vc_column][\/vc_row][vc_row][vc_column][vc_column_text]<\/p>\n<h5><strong>Kann Street Art Probleme innerhalb eines Landes beeinflussen? Denkst du, dass Street Art die Gesellschaft beeinflussen kann?<\/strong><\/h5>\n<p>Ich komme aus Polen, einem Land, in dem in den 1980er Jahren massenhaft gemalte Graffitis und politische Street Art (ja, die gab es damals) Werkzeuge waren, die das PR-Image des kommunistischen Regimes buchst\u00e4blich zerst\u00f6rten.<\/p>\n<p>Nat\u00fcrlich hat Street Art die Macht, die Gesellschaft zu beeinflussen.<\/p>\n<h5><\/h5>\n<p>[\/vc_column_text][vc_column_text]<\/p>\n<h5><b>Wie w\u00fcrdest du das Klima und den Vibe der urbanen Kunstszene in Warschau und allgemein in Polen beschreiben?\u00a0<\/b><\/h5>\n<p><span style=\"font-weight: 400;\">Die Street Art Szene ist nicht gro\u00df, und wir kennen uns alle untereinander. Wenn es jemand Neues gibt, versuchen wir ihn kennenzulernen, etwas zusammen zu machen. Es ist ein bisschen wie eine Familie. Ich mag es wirklich, Teil dieses Haufens zu sein.\u00a0<\/span><\/p>\n<p><b><i>\u00a0<\/i><\/b>[\/vc_column_text][vc_empty_space][\/vc_column][\/vc_row][vc_row][vc_column width=&#8220;1\/3&#8243;]<div class=\"edgtf-single-image-holder   \">\n    <div class=\"edgtf-si-inner\" >\n                                    <img loading=\"lazy\" decoding=\"async\" width=\"1200\" height=\"871\" src=\"https:\/\/www.urbanyte.art\/wp-content\/uploads\/2021\/07\/NeSpoon.NYX_.Warsaw.08.20.01-2.jpg\" class=\"attachment-full size-full\" alt=\"\" srcset=\"https:\/\/www.urbanyte.art\/wp-content\/uploads\/2021\/07\/NeSpoon.NYX_.Warsaw.08.20.01-2.jpg 1200w, https:\/\/www.urbanyte.art\/wp-content\/uploads\/2021\/07\/NeSpoon.NYX_.Warsaw.08.20.01-2-300x218.jpg 300w, https:\/\/www.urbanyte.art\/wp-content\/uploads\/2021\/07\/NeSpoon.NYX_.Warsaw.08.20.01-2-1024x743.jpg 1024w, https:\/\/www.urbanyte.art\/wp-content\/uploads\/2021\/07\/NeSpoon.NYX_.Warsaw.08.20.01-2-768x557.jpg 768w\" sizes=\"auto, (max-width: 1200px) 100vw, 1200px\" \/>                        <\/div>\n<\/div>[vc_column_text]<span style=\"color: #999999;\">Propaganda Gallery for NYX Hotel<\/span><\/p>\n<p><span style=\"color: #999999;\">Warsaw, Poland | 2020<\/span>[\/vc_column_text][vc_empty_space height=&#8220;22px&#8220;][\/vc_column][vc_column width=&#8220;1\/3&#8243;]<div class=\"edgtf-single-image-holder   \">\n    <div class=\"edgtf-si-inner\" >\n                                    <img loading=\"lazy\" decoding=\"async\" width=\"1200\" height=\"871\" src=\"https:\/\/www.urbanyte.art\/wp-content\/uploads\/2021\/07\/NeSpoom.Warsaw.PL_.06.2016.01.jpg\" class=\"attachment-full size-full\" alt=\"\" srcset=\"https:\/\/www.urbanyte.art\/wp-content\/uploads\/2021\/07\/NeSpoom.Warsaw.PL_.06.2016.01.jpg 1200w, https:\/\/www.urbanyte.art\/wp-content\/uploads\/2021\/07\/NeSpoom.Warsaw.PL_.06.2016.01-300x218.jpg 300w, https:\/\/www.urbanyte.art\/wp-content\/uploads\/2021\/07\/NeSpoom.Warsaw.PL_.06.2016.01-1024x743.jpg 1024w, https:\/\/www.urbanyte.art\/wp-content\/uploads\/2021\/07\/NeSpoom.Warsaw.PL_.06.2016.01-768x557.jpg 768w\" sizes=\"auto, (max-width: 1200px) 100vw, 1200px\" \/>                        <\/div>\n<\/div>[vc_column_text]<span style=\"color: #999999;\">Warsaw, Poland | 2016<\/span>[\/vc_column_text][vc_empty_space height=&#8220;22px&#8220;][\/vc_column][vc_column width=&#8220;1\/3&#8243;]<div class=\"edgtf-single-image-holder   \">\n    <div class=\"edgtf-si-inner\" >\n                                    <img loading=\"lazy\" decoding=\"async\" width=\"1219\" height=\"871\" src=\"https:\/\/www.urbanyte.art\/wp-content\/uploads\/2021\/07\/DSC_0235.jpeg\" class=\"attachment-full size-full\" alt=\"\" srcset=\"https:\/\/www.urbanyte.art\/wp-content\/uploads\/2021\/07\/DSC_0235.jpeg 1219w, https:\/\/www.urbanyte.art\/wp-content\/uploads\/2021\/07\/DSC_0235-300x214.jpeg 300w, https:\/\/www.urbanyte.art\/wp-content\/uploads\/2021\/07\/DSC_0235-1024x732.jpeg 1024w, https:\/\/www.urbanyte.art\/wp-content\/uploads\/2021\/07\/DSC_0235-768x549.jpeg 768w\" sizes=\"auto, (max-width: 1219px) 100vw, 1219px\" \/>                        <\/div>\n<\/div>[vc_column_text]<span style=\"color: #999999;\">Warsaw, Poland | 2019<\/span>[\/vc_column_text][vc_empty_space height=&#8220;22px&#8220;][\/vc_column][\/vc_row][vc_row][vc_column][vc_column_text]<\/p>\n<h5><b>Was steht als n\u00e4chstes f\u00fcr dich an? Hast du irgendwelche Pl\u00e4ne oder Tr\u00e4ume f\u00fcr die Zukunft?<\/b><\/h5>\n<p><span style=\"font-weight: 400;\">Mein Ziel ist es, gro\u00df angelegte Multimedia-Installationen im \u00f6ffentlichen Raum zu machen. Die erste wird in Berlin sein, vor dem Reichstag. Bei der Ausstellung im Jahr 2042 werde ich mein Projekt &#8222;Thoughts&#8220; zeigen, das 2012 begann. Jedes Jahr stelle ich f\u00fcr mehrere Monate kleine bl\u00fctenf\u00f6rmige Formen aus Porzellan her. Ich bin in der Lage, etwa 50kg dieser Keramikbl\u00fctenbl\u00e4tter pro Jahr zu produzieren. Heute sind es 400kg und im Jahr 2042 werden 1.500kg zu sehen sein.<\/span>[\/vc_column_text][vc_empty_space][\/vc_column][\/vc_row][vc_row][vc_column]<div class=\"edgtf-single-image-holder   \">\n    <div class=\"edgtf-si-inner\" >\n                                    <img loading=\"lazy\" decoding=\"async\" width=\"1400\" height=\"932\" src=\"https:\/\/www.urbanyte.art\/wp-content\/uploads\/2021\/07\/Nespoon-clusure-pic-ceramics.jpg\" class=\"attachment-full size-full\" alt=\"\" srcset=\"https:\/\/www.urbanyte.art\/wp-content\/uploads\/2021\/07\/Nespoon-clusure-pic-ceramics.jpg 1400w, https:\/\/www.urbanyte.art\/wp-content\/uploads\/2021\/07\/Nespoon-clusure-pic-ceramics-300x200.jpg 300w, https:\/\/www.urbanyte.art\/wp-content\/uploads\/2021\/07\/Nespoon-clusure-pic-ceramics-1024x682.jpg 1024w, https:\/\/www.urbanyte.art\/wp-content\/uploads\/2021\/07\/Nespoon-clusure-pic-ceramics-768x511.jpg 768w\" sizes=\"auto, (max-width: 1400px) 100vw, 1400px\" \/>                        <\/div>\n<\/div>[vc_empty_space height=&#8220;10px&#8220;][\/vc_column][\/vc_row][vc_row][vc_column css=&#8220;.vc_custom_1605308793996{margin-top: 32px !important;}&#8220;][vc_column_text]NESPOON<\/p>\n<p>Warschau, Polen<\/p>\n<p>Website <strong><a href=\"https:\/\/nespoon.art\/\" target=\"_blank\" rel=\"noopener\">nespoon.art<\/a><\/strong><\/p>\n<p><span style=\"font-weight: 400;\">Instagram <\/span><a href=\"https:\/\/www.instagram.com\/nes.poon\/\" target=\"_blank\" rel=\"noopener\"><span style=\"font-weight: 400;\"><span style=\"color: #000000;\"><b>nes.spoon<\/b><\/span><\/span><\/a><\/p>\n<p>Facebook <a href=\"https:\/\/www.facebook.com\/nes.nespoon\" target=\"_blank\" rel=\"noopener\"><span style=\"color: #000000;\"><b>nes.nespoon<\/b><\/span><\/a>[\/vc_column_text][\/vc_column][\/vc_row][vc_row css=&#8220;.vc_custom_1605313463281{margin-top: 5px !important;border-top-width: 20px !important;}&#8220;][vc_column][vc_column_text]_______________________________________<\/p>\n<p>&nbsp;<\/p>\n<p>Bilder \u00a9 NeSpoon<\/p>\n<p>&nbsp;<\/p>\n<p>Juli 2021<\/p>\n<p>by Laura Vetter[\/vc_column_text][\/vc_column][\/vc_row]<\/p>\n<\/section>","protected":false},"excerpt":{"rendered":"<p>Interview mit der polnischen K\u00fcnstlerin NeSpoon: &#8222;Ich habe Spitze noch nie gemocht. Bevor ich anfing, mit ihr zu arbeiten, dachte ich, Spitze sei etwas Altmodisches, aus der verstaubten Wohnung einer Gro\u00dfmutter. Heute scheint es mir, dass in jeder Spitze ein universeller \u00e4sthetischer Code steckt, der tief in jeder Kultur verankert ist.&#8220;<\/p>\n","protected":false},"author":1,"featured_media":7907,"comment_status":"open","ping_status":"open","sticky":false,"template":"","format":"standard","meta":{"_mi_skip_tracking":false,"footnotes":""},"categories":[122],"tags":[124,245,246],"class_list":["post-7898","post","type-post","status-publish","format-standard","has-post-thumbnail","hentry","category-urban-talks-de-2","tag-interview-de","tag-neonart-de","tag-spanish-de"],"yoast_head":"<!-- This site is optimized with the Yoast SEO plugin v20.6 - https:\/\/yoast.com\/wordpress\/plugins\/seo\/ -->\n<title>URBAN.TALKS - NESPOON - URBANYTE<\/title>\n<meta name=\"description\" content=\"Interview mit der polnischen K\u00fcnstlerin NeSpoon: &quot;Ich habe Spitze noch nie gemocht. Bevor ich anfing, mit ihr zu arbeiten, dachte ich, Spitze sei etwas Altmodisches, aus der verstaubten Wohnung einer Gro\u00dfmutter. Heute scheint es mir, dass in jeder Spitze ein universeller \u00e4sthetischer Code steckt, der tief in jeder Kultur verankert ist.&quot;\" \/>\n<meta name=\"robots\" content=\"index, follow, max-snippet:-1, max-image-preview:large, max-video-preview:-1\" \/>\n<link rel=\"canonical\" href=\"https:\/\/www.urbanyte.art\/de\/nespoon\/\" \/>\n<meta property=\"og:locale\" content=\"de_DE\" \/>\n<meta property=\"og:type\" content=\"article\" \/>\n<meta property=\"og:title\" content=\"URBAN.TALKS - NESPOON - URBANYTE\" \/>\n<meta property=\"og:description\" content=\"Interview mit der polnischen K\u00fcnstlerin NeSpoon: &quot;Ich habe Spitze noch nie gemocht. Bevor ich anfing, mit ihr zu arbeiten, dachte ich, Spitze sei etwas Altmodisches, aus der verstaubten Wohnung einer Gro\u00dfmutter. Heute scheint es mir, dass in jeder Spitze ein universeller \u00e4sthetischer Code steckt, der tief in jeder Kultur verankert ist.&quot;\" \/>\n<meta property=\"og:url\" content=\"https:\/\/www.urbanyte.art\/de\/nespoon\/\" \/>\n<meta property=\"og:site_name\" content=\"URBANYTE\" \/>\n<meta property=\"article:publisher\" content=\"https:\/\/www.facebook.com\/urbanyte.art\" \/>\n<meta property=\"article:author\" content=\"https:\/\/www.facebook.com\/urbanyte.art\/\" \/>\n<meta property=\"article:published_time\" content=\"2021-07-23T16:01:03+00:00\" \/>\n<meta property=\"article:modified_time\" content=\"2021-08-13T08:26:51+00:00\" \/>\n<meta property=\"og:image\" content=\"https:\/\/www.urbanyte.art\/wp-content\/uploads\/2021\/07\/Nespoon-2.jpg\" \/>\n\t<meta property=\"og:image:width\" content=\"1300\" \/>\n\t<meta property=\"og:image:height\" content=\"730\" \/>\n\t<meta property=\"og:image:type\" content=\"image\/jpeg\" \/>\n<meta name=\"author\" content=\"URBANYTE\" \/>\n<meta name=\"twitter:card\" content=\"summary_large_image\" \/>\n<meta name=\"twitter:label1\" content=\"Verfasst von\" \/>\n\t<meta name=\"twitter:data1\" content=\"URBANYTE\" \/>\n\t<meta name=\"twitter:label2\" content=\"Gesch\u00e4tzte Lesezeit\" \/>\n\t<meta name=\"twitter:data2\" content=\"7\u00a0Minuten\" \/>\n<script type=\"application\/ld+json\" class=\"yoast-schema-graph\">{\"@context\":\"https:\/\/schema.org\",\"@graph\":[{\"@type\":\"Article\",\"@id\":\"https:\/\/www.urbanyte.art\/de\/nespoon\/#article\",\"isPartOf\":{\"@id\":\"https:\/\/www.urbanyte.art\/de\/nespoon\/\"},\"author\":{\"name\":\"URBANYTE\",\"@id\":\"https:\/\/www.urbanyte.art\/de\/#\/schema\/person\/cba1493b26e05acb123c4aff893f31b3\"},\"headline\":\"NESPOON\",\"datePublished\":\"2021-07-23T16:01:03+00:00\",\"dateModified\":\"2021-08-13T08:26:51+00:00\",\"mainEntityOfPage\":{\"@id\":\"https:\/\/www.urbanyte.art\/de\/nespoon\/\"},\"wordCount\":2240,\"commentCount\":0,\"publisher\":{\"@id\":\"https:\/\/www.urbanyte.art\/de\/#organization\"},\"keywords\":[\"interview\",\"neonart\",\"spanish\"],\"articleSection\":[\"URBAN.TALKS\"],\"inLanguage\":\"de\",\"potentialAction\":[{\"@type\":\"CommentAction\",\"name\":\"Comment\",\"target\":[\"https:\/\/www.urbanyte.art\/de\/nespoon\/#respond\"]}]},{\"@type\":\"WebPage\",\"@id\":\"https:\/\/www.urbanyte.art\/de\/nespoon\/\",\"url\":\"https:\/\/www.urbanyte.art\/de\/nespoon\/\",\"name\":\"URBAN.TALKS - NESPOON - URBANYTE\",\"isPartOf\":{\"@id\":\"https:\/\/www.urbanyte.art\/de\/#website\"},\"datePublished\":\"2021-07-23T16:01:03+00:00\",\"dateModified\":\"2021-08-13T08:26:51+00:00\",\"description\":\"Interview mit der polnischen K\u00fcnstlerin NeSpoon: \\\"Ich habe Spitze noch nie gemocht. Bevor ich anfing, mit ihr zu arbeiten, dachte ich, Spitze sei etwas Altmodisches, aus der verstaubten Wohnung einer Gro\u00dfmutter. Heute scheint es mir, dass in jeder Spitze ein universeller \u00e4sthetischer Code steckt, der tief in jeder Kultur verankert ist.\\\"\",\"breadcrumb\":{\"@id\":\"https:\/\/www.urbanyte.art\/de\/nespoon\/#breadcrumb\"},\"inLanguage\":\"de\",\"potentialAction\":[{\"@type\":\"ReadAction\",\"target\":[\"https:\/\/www.urbanyte.art\/de\/nespoon\/\"]}]},{\"@type\":\"BreadcrumbList\",\"@id\":\"https:\/\/www.urbanyte.art\/de\/nespoon\/#breadcrumb\",\"itemListElement\":[{\"@type\":\"ListItem\",\"position\":1,\"name\":\"Home\",\"item\":\"https:\/\/www.urbanyte.art\/de\/\"},{\"@type\":\"ListItem\",\"position\":2,\"name\":\"NESPOON\"}]},{\"@type\":\"WebSite\",\"@id\":\"https:\/\/www.urbanyte.art\/de\/#website\",\"url\":\"https:\/\/www.urbanyte.art\/de\/\",\"name\":\"URBANYTE\",\"description\":\"urban and independent contemporary art\",\"publisher\":{\"@id\":\"https:\/\/www.urbanyte.art\/de\/#organization\"},\"potentialAction\":[{\"@type\":\"SearchAction\",\"target\":{\"@type\":\"EntryPoint\",\"urlTemplate\":\"https:\/\/www.urbanyte.art\/de\/?s={search_term_string}\"},\"query-input\":\"required name=search_term_string\"}],\"inLanguage\":\"de\"},{\"@type\":\"Organization\",\"@id\":\"https:\/\/www.urbanyte.art\/de\/#organization\",\"name\":\"URBANYTE\",\"url\":\"https:\/\/www.urbanyte.art\/de\/\",\"logo\":{\"@type\":\"ImageObject\",\"inLanguage\":\"de\",\"@id\":\"https:\/\/www.urbanyte.art\/de\/#\/schema\/logo\/image\/\",\"url\":\"https:\/\/www.urbanyte.art\/wp-content\/uploads\/2020\/11\/URBANYTE_padded_logo.png\",\"contentUrl\":\"https:\/\/www.urbanyte.art\/wp-content\/uploads\/2020\/11\/URBANYTE_padded_logo.png\",\"width\":512,\"height\":512,\"caption\":\"URBANYTE\"},\"image\":{\"@id\":\"https:\/\/www.urbanyte.art\/de\/#\/schema\/logo\/image\/\"},\"sameAs\":[\"https:\/\/www.facebook.com\/urbanyte.art\",\"https:\/\/www.instagram.com\/urbanyte.art\/\",\"https:\/\/www.linkedin.com\/company\/urbanyte\"]},{\"@type\":\"Person\",\"@id\":\"https:\/\/www.urbanyte.art\/de\/#\/schema\/person\/cba1493b26e05acb123c4aff893f31b3\",\"name\":\"URBANYTE\",\"image\":{\"@type\":\"ImageObject\",\"inLanguage\":\"de\",\"@id\":\"https:\/\/www.urbanyte.art\/de\/#\/schema\/person\/image\/\",\"url\":\"https:\/\/secure.gravatar.com\/avatar\/2766a446626d719d2a44e941c3e107ef951bdb15674ed9d7f5b897068d8157ac?s=96&d=mm&r=g\",\"contentUrl\":\"https:\/\/secure.gravatar.com\/avatar\/2766a446626d719d2a44e941c3e107ef951bdb15674ed9d7f5b897068d8157ac?s=96&d=mm&r=g\",\"caption\":\"URBANYTE\"},\"sameAs\":[\"http:\/\/www.urbanyte.art\",\"https:\/\/www.facebook.com\/urbanyte.art\/\",\"https:\/\/www.instagram.com\/urbanyte.art\/\",\"https:\/\/www.linkedin.com\/company\/urbanyte\"]}]}<\/script>\n<!-- \/ Yoast SEO plugin. -->","yoast_head_json":{"title":"URBAN.TALKS - NESPOON - URBANYTE","description":"Interview mit der polnischen K\u00fcnstlerin NeSpoon: \"Ich habe Spitze noch nie gemocht. Bevor ich anfing, mit ihr zu arbeiten, dachte ich, Spitze sei etwas Altmodisches, aus der verstaubten Wohnung einer Gro\u00dfmutter. Heute scheint es mir, dass in jeder Spitze ein universeller \u00e4sthetischer Code steckt, der tief in jeder Kultur verankert ist.\"","robots":{"index":"index","follow":"follow","max-snippet":"max-snippet:-1","max-image-preview":"max-image-preview:large","max-video-preview":"max-video-preview:-1"},"canonical":"https:\/\/www.urbanyte.art\/de\/nespoon\/","og_locale":"de_DE","og_type":"article","og_title":"URBAN.TALKS - NESPOON - URBANYTE","og_description":"Interview mit der polnischen K\u00fcnstlerin NeSpoon: \"Ich habe Spitze noch nie gemocht. Bevor ich anfing, mit ihr zu arbeiten, dachte ich, Spitze sei etwas Altmodisches, aus der verstaubten Wohnung einer Gro\u00dfmutter. Heute scheint es mir, dass in jeder Spitze ein universeller \u00e4sthetischer Code steckt, der tief in jeder Kultur verankert ist.\"","og_url":"https:\/\/www.urbanyte.art\/de\/nespoon\/","og_site_name":"URBANYTE","article_publisher":"https:\/\/www.facebook.com\/urbanyte.art","article_author":"https:\/\/www.facebook.com\/urbanyte.art\/","article_published_time":"2021-07-23T16:01:03+00:00","article_modified_time":"2021-08-13T08:26:51+00:00","og_image":[{"width":1300,"height":730,"url":"https:\/\/www.urbanyte.art\/wp-content\/uploads\/2021\/07\/Nespoon-2.jpg","type":"image\/jpeg"}],"author":"URBANYTE","twitter_card":"summary_large_image","twitter_misc":{"Verfasst von":"URBANYTE","Gesch\u00e4tzte Lesezeit":"7\u00a0Minuten"},"schema":{"@context":"https:\/\/schema.org","@graph":[{"@type":"Article","@id":"https:\/\/www.urbanyte.art\/de\/nespoon\/#article","isPartOf":{"@id":"https:\/\/www.urbanyte.art\/de\/nespoon\/"},"author":{"name":"URBANYTE","@id":"https:\/\/www.urbanyte.art\/de\/#\/schema\/person\/cba1493b26e05acb123c4aff893f31b3"},"headline":"NESPOON","datePublished":"2021-07-23T16:01:03+00:00","dateModified":"2021-08-13T08:26:51+00:00","mainEntityOfPage":{"@id":"https:\/\/www.urbanyte.art\/de\/nespoon\/"},"wordCount":2240,"commentCount":0,"publisher":{"@id":"https:\/\/www.urbanyte.art\/de\/#organization"},"keywords":["interview","neonart","spanish"],"articleSection":["URBAN.TALKS"],"inLanguage":"de","potentialAction":[{"@type":"CommentAction","name":"Comment","target":["https:\/\/www.urbanyte.art\/de\/nespoon\/#respond"]}]},{"@type":"WebPage","@id":"https:\/\/www.urbanyte.art\/de\/nespoon\/","url":"https:\/\/www.urbanyte.art\/de\/nespoon\/","name":"URBAN.TALKS - NESPOON - URBANYTE","isPartOf":{"@id":"https:\/\/www.urbanyte.art\/de\/#website"},"datePublished":"2021-07-23T16:01:03+00:00","dateModified":"2021-08-13T08:26:51+00:00","description":"Interview mit der polnischen K\u00fcnstlerin NeSpoon: \"Ich habe Spitze noch nie gemocht. Bevor ich anfing, mit ihr zu arbeiten, dachte ich, Spitze sei etwas Altmodisches, aus der verstaubten Wohnung einer Gro\u00dfmutter. Heute scheint es mir, dass in jeder Spitze ein universeller \u00e4sthetischer Code steckt, der tief in jeder Kultur verankert ist.\"","breadcrumb":{"@id":"https:\/\/www.urbanyte.art\/de\/nespoon\/#breadcrumb"},"inLanguage":"de","potentialAction":[{"@type":"ReadAction","target":["https:\/\/www.urbanyte.art\/de\/nespoon\/"]}]},{"@type":"BreadcrumbList","@id":"https:\/\/www.urbanyte.art\/de\/nespoon\/#breadcrumb","itemListElement":[{"@type":"ListItem","position":1,"name":"Home","item":"https:\/\/www.urbanyte.art\/de\/"},{"@type":"ListItem","position":2,"name":"NESPOON"}]},{"@type":"WebSite","@id":"https:\/\/www.urbanyte.art\/de\/#website","url":"https:\/\/www.urbanyte.art\/de\/","name":"URBANYTE","description":"urban and independent contemporary art","publisher":{"@id":"https:\/\/www.urbanyte.art\/de\/#organization"},"potentialAction":[{"@type":"SearchAction","target":{"@type":"EntryPoint","urlTemplate":"https:\/\/www.urbanyte.art\/de\/?s={search_term_string}"},"query-input":"required name=search_term_string"}],"inLanguage":"de"},{"@type":"Organization","@id":"https:\/\/www.urbanyte.art\/de\/#organization","name":"URBANYTE","url":"https:\/\/www.urbanyte.art\/de\/","logo":{"@type":"ImageObject","inLanguage":"de","@id":"https:\/\/www.urbanyte.art\/de\/#\/schema\/logo\/image\/","url":"https:\/\/www.urbanyte.art\/wp-content\/uploads\/2020\/11\/URBANYTE_padded_logo.png","contentUrl":"https:\/\/www.urbanyte.art\/wp-content\/uploads\/2020\/11\/URBANYTE_padded_logo.png","width":512,"height":512,"caption":"URBANYTE"},"image":{"@id":"https:\/\/www.urbanyte.art\/de\/#\/schema\/logo\/image\/"},"sameAs":["https:\/\/www.facebook.com\/urbanyte.art","https:\/\/www.instagram.com\/urbanyte.art\/","https:\/\/www.linkedin.com\/company\/urbanyte"]},{"@type":"Person","@id":"https:\/\/www.urbanyte.art\/de\/#\/schema\/person\/cba1493b26e05acb123c4aff893f31b3","name":"URBANYTE","image":{"@type":"ImageObject","inLanguage":"de","@id":"https:\/\/www.urbanyte.art\/de\/#\/schema\/person\/image\/","url":"https:\/\/secure.gravatar.com\/avatar\/2766a446626d719d2a44e941c3e107ef951bdb15674ed9d7f5b897068d8157ac?s=96&d=mm&r=g","contentUrl":"https:\/\/secure.gravatar.com\/avatar\/2766a446626d719d2a44e941c3e107ef951bdb15674ed9d7f5b897068d8157ac?s=96&d=mm&r=g","caption":"URBANYTE"},"sameAs":["http:\/\/www.urbanyte.art","https:\/\/www.facebook.com\/urbanyte.art\/","https:\/\/www.instagram.com\/urbanyte.art\/","https:\/\/www.linkedin.com\/company\/urbanyte"]}]}},"_links":{"self":[{"href":"https:\/\/www.urbanyte.art\/de\/wp-json\/wp\/v2\/posts\/7898","targetHints":{"allow":["GET"]}}],"collection":[{"href":"https:\/\/www.urbanyte.art\/de\/wp-json\/wp\/v2\/posts"}],"about":[{"href":"https:\/\/www.urbanyte.art\/de\/wp-json\/wp\/v2\/types\/post"}],"author":[{"embeddable":true,"href":"https:\/\/www.urbanyte.art\/de\/wp-json\/wp\/v2\/users\/1"}],"replies":[{"embeddable":true,"href":"https:\/\/www.urbanyte.art\/de\/wp-json\/wp\/v2\/comments?post=7898"}],"version-history":[{"count":4,"href":"https:\/\/www.urbanyte.art\/de\/wp-json\/wp\/v2\/posts\/7898\/revisions"}],"predecessor-version":[{"id":8046,"href":"https:\/\/www.urbanyte.art\/de\/wp-json\/wp\/v2\/posts\/7898\/revisions\/8046"}],"wp:featuredmedia":[{"embeddable":true,"href":"https:\/\/www.urbanyte.art\/de\/wp-json\/wp\/v2\/media\/7907"}],"wp:attachment":[{"href":"https:\/\/www.urbanyte.art\/de\/wp-json\/wp\/v2\/media?parent=7898"}],"wp:term":[{"taxonomy":"category","embeddable":true,"href":"https:\/\/www.urbanyte.art\/de\/wp-json\/wp\/v2\/categories?post=7898"},{"taxonomy":"post_tag","embeddable":true,"href":"https:\/\/www.urbanyte.art\/de\/wp-json\/wp\/v2\/tags?post=7898"}],"curies":[{"name":"wp","href":"https:\/\/api.w.org\/{rel}","templated":true}]}}