{"id":9587,"date":"2022-09-15T15:00:03","date_gmt":"2022-09-15T13:00:03","guid":{"rendered":"https:\/\/www.urbanyte.art\/?p=9587"},"modified":"2022-09-19T13:28:03","modified_gmt":"2022-09-19T11:28:03","slug":"skirl","status":"publish","type":"post","link":"https:\/\/www.urbanyte.art\/de\/skirl\/","title":{"rendered":"SKIRL"},"content":{"rendered":"<section class=\"wpb-content-wrapper\"><p>[vc_row][vc_column][vc_column_text]<\/p>\n<h4>Interview mit dem Wiener K\u00fcnstler Manuel Skirl:<\/h4>\n<p>[\/vc_column_text][\/vc_column][\/vc_row][vc_row equal_height=&#8220;yes&#8220;][vc_column width=&#8220;1\/6&#8243;][vc_empty_space height=&#8220;26px&#8220;]<div class=\"edgtf-single-image-holder   \">\n    <div class=\"edgtf-si-inner\" >\n                                    <img loading=\"lazy\" decoding=\"async\" width=\"300\" height=\"235\" src=\"https:\/\/www.urbanyte.art\/wp-content\/uploads\/2020\/11\/Quote-Icon-new2-e1605979366731.png\" class=\"attachment-medium size-medium\" alt=\"\" \/>                        <\/div>\n<\/div>[\/vc_column][vc_column width=&#8220;5\/6&#8243;][vc_column_text css=&#8220;.vc_custom_1663246730698{border-top-width: 10px !important;padding-top: 15px !important;}&#8220;]<\/p>\n<h4><em><strong>Ich glaube ich habe mir und anderen erst zeigen m\u00fcssen, dass ich genauso gute Graffiti auf die Stra\u00dfen bringen kann wie alle anderen, um dann festzustellen, dass ich eigentlich etwas ganz anderes machen m\u00f6chte. Und dann habe ich dem ganzen freien Lauf gelassen, ohne andere Meinungen oder Erwartungen zu ber\u00fccksichtigen und mich ganz darauf fokussiert, was mich gl\u00fccklich macht und wie ich es mir vorstelle. <\/strong><\/em><\/h4>\n<p>[\/vc_column_text][vc_empty_space][vc_empty_space][\/vc_column][\/vc_row][vc_row][vc_column][vc_column_text]<\/p>\n<h5><b>Im Alter von 15 Jahren hast du mit Graffiti begonnen, welches die ersten 12 Jahre deiner k\u00fcnstlerischen Laufbahn bestimmte. Irgendwann hast du die Spraydosen durch Multilinienwerkzeuge ersetzt, und dich der abstrakten Malerei und Murals gewidmet. Auch beruflich hast du dich zun\u00e4chst als Medaillengraveur und P\u00e4dagoge in einem Kindergarten versucht, bevor du dich ganz der Kunst zugewandt hast. Wie bist du zur Kunst im Allgemeinen und zu Street Art im Speziellen gekommen? Was reizt dich daran, dich im \u00f6ffentlichen Raum auszudr\u00fccken?<\/b><\/h5>\n<p><span style=\"font-weight: 400;\">Es ist nicht so, dass ich Kunst geschaffen habe und dann eines Tages entschieden habe, sie auf der Stra\u00dfe zu platzieren. Ich habe generell den Zugang zum Zeichnen und zum Malen extrem fr\u00fch gefunden, als Kleinkind, weil meine Mutter das sehr stark gef\u00f6rdert und auch hoch wertgesch\u00e4tzt hat. Dadurch habe ich schon immer mein Ego aufgebaut, bzw. mein Selbstwertgef\u00fchl bezogen. Ich glaube eigentlich, dass ich den Bezug zur Kunst nie habe finden m\u00fcssen, sondern ihn einfach nie verloren habe. Ich glaube, als Kinder haben wir fast alle einen Bezug zu Kunst, nur dass uns sp\u00e4ter nicht mehr suggeriert wird, dass es etwas Gutes oder Wichtiges sei, etwas das man \u2018werden kann\u2019, denn die wenigsten werden am Ende hauptberufliche K\u00fcnstler.\u00a0<\/span><\/p>\n<p><span style=\"font-weight: 400;\">Im Jugend- und Teenageralter habe ich mich dann mehr nach drau\u00dfen orientiert, war viel mit Freunden unterwegs und habe mit Graffiti und Tagging experimentiert. Beide waren f\u00fcr mich gute Instrumente, um meinen Druck abzulassen und mich auszudr\u00fccken. Gerade als Teenager geht es ja viel darum \u201ccool\u201d zu sein und anerkannt zu werden, und das war f\u00fcr mich eine M\u00f6glichkeit, in der Welt in der ich aufgewachsen bin, nicht nur zu \u00fcberleben, sondern auch ganz gut angesehen zu werden, und wie bereits aus der Kinderstube heraus mein Selbstwertgef\u00fchl dahingehend weiter ausbauen zu k\u00f6nnen.\u00a0<\/span><\/p>\n<p><span style=\"font-weight: 400;\">Das hei\u00dft, ich bin relativ sportlich, ich habe ein leichtes Grenz\u00fcberschreitungsbed\u00fcrfnis und respektiere nicht immer zwingend jede Regel, und ich zeichne und male sehr gern. Diese drei Dinge in Kombination haben dann unweigerlich zu Graffiti und dann nach vielen Jahren zu dem gef\u00fchrt, was wir jetzt Street Art nennen.\u00a0<\/span>[\/vc_column_text][vc_empty_space][\/vc_column][\/vc_row][vc_row][vc_column width=&#8220;1\/2&#8243;]<div class=\"edgtf-single-image-holder   \">\n    <div class=\"edgtf-si-inner\" >\n                                    <img loading=\"lazy\" decoding=\"async\" width=\"1536\" height=\"960\" src=\"https:\/\/www.urbanyte.art\/wp-content\/uploads\/2022\/09\/Skirl_Mural_2021-1536x1152-1.jpg\" class=\"attachment-full size-full\" alt=\"\" srcset=\"https:\/\/www.urbanyte.art\/wp-content\/uploads\/2022\/09\/Skirl_Mural_2021-1536x1152-1.jpg 1536w, https:\/\/www.urbanyte.art\/wp-content\/uploads\/2022\/09\/Skirl_Mural_2021-1536x1152-1-300x188.jpg 300w, https:\/\/www.urbanyte.art\/wp-content\/uploads\/2022\/09\/Skirl_Mural_2021-1536x1152-1-1024x640.jpg 1024w, https:\/\/www.urbanyte.art\/wp-content\/uploads\/2022\/09\/Skirl_Mural_2021-1536x1152-1-768x480.jpg 768w\" sizes=\"auto, (max-width: 1536px) 100vw, 1536px\" \/>                        <\/div>\n<\/div>[vc_empty_space height=&#8220;22px&#8220;][\/vc_column][vc_column width=&#8220;1\/2&#8243;]<div class=\"edgtf-single-image-holder   \">\n    <div class=\"edgtf-si-inner\" >\n                                    <img loading=\"lazy\" decoding=\"async\" width=\"1536\" height=\"960\" src=\"https:\/\/www.urbanyte.art\/wp-content\/uploads\/2022\/09\/Skirl_Mural_Erkenne-wer-du-bist_2018_Freiburg-1536x1152-1.jpg\" class=\"attachment-full size-full\" alt=\"\" srcset=\"https:\/\/www.urbanyte.art\/wp-content\/uploads\/2022\/09\/Skirl_Mural_Erkenne-wer-du-bist_2018_Freiburg-1536x1152-1.jpg 1536w, https:\/\/www.urbanyte.art\/wp-content\/uploads\/2022\/09\/Skirl_Mural_Erkenne-wer-du-bist_2018_Freiburg-1536x1152-1-300x188.jpg 300w, https:\/\/www.urbanyte.art\/wp-content\/uploads\/2022\/09\/Skirl_Mural_Erkenne-wer-du-bist_2018_Freiburg-1536x1152-1-1024x640.jpg 1024w, https:\/\/www.urbanyte.art\/wp-content\/uploads\/2022\/09\/Skirl_Mural_Erkenne-wer-du-bist_2018_Freiburg-1536x1152-1-768x480.jpg 768w\" sizes=\"auto, (max-width: 1536px) 100vw, 1536px\" \/>                        <\/div>\n<\/div>[vc_empty_space height=&#8220;22px&#8220;][\/vc_column][\/vc_row][vc_row][vc_column][vc_column_text]<\/p>\n<h5><b>Wie kam es zum stilistischen Wandel, weg von Graffiti hin zu deinem heutigen Stil?<\/b><span style=\"font-weight: 400;\">\u00a0<\/span><\/h5>\n<p><span style=\"font-weight: 400;\">Ich habe, wie gesagt, mit 12 Jahren angefangen meinen Namen mit Eddings \u00fcberall hin zu schreiben und begonnen kleinere Graffiti zu spr\u00fchen. Nun wird Graffiti ja nach bestimmten Parametern bewertet, das bedeutet man versucht sich an diese \u201cRegeln\u201d zu halten, damit andere deine Graffiti cool finden und es als gelungen beurteilen, weil es beispielsweise \u201csuper hip-hop\u201d aussieht oder dies und jenes aufweist. Ich habe auch sehr lange probiert, dem zu entsprechen, was andere cool finden, aber nach circa 10 Jahren ist es irgendwann einfach langweilig geworden. Ich habe versucht meinen Stil zu \u00e4ndern und etwas daraus zu machen, was nicht unbedingt genauso ist wie das, was alle anderen machen. Allerdings, in Retrospektive, habe ich diesen Schritt erst getan, als ich mich in der Szene schon bewiesen hatte. Ich glaube ich habe mir und anderen erst zeigen m\u00fcssen, dass ich genauso gute Graffiti auf die Stra\u00dfen bringen kann wie alle anderen, um dann festzustellen, dass ich eigentlich etwas ganz anderes machen m\u00f6chte. Und dann habe ich dem ganzen freien Lauf gelassen, ohne andere Meinungen oder Erwartungen zu ber\u00fccksichtigen und mich ganz darauf fokussiert, was mich gl\u00fccklich macht und wie ich es mir vorstelle. So sind Farben mit der Zeit verschwunden und immer mehr Strukturen und Linien hinzugekommen.\u00a0<\/span><\/p>\n<p><span style=\"font-weight: 400;\">Das Werkzeug, das ich jetzt verwende, nutze ich deshalb, weil ich 2017 eine Thrombose in der Achselvene gehabt habe, und dann realisiert habe, dass ich nicht weiterhin so viel mit Spr\u00fchdosen arbeiten kann. Nach fast 15 Jahren Arbeit mit der Spr\u00fchdose, war das ein schwieriger Neuorientierungsprozess, aber im Nachhinein bin ich froh, dass das alles so passiert ist, da es stiltechnisch extrem viel bewirkt hat. Starke Krisen und au\u00dfergew\u00f6hnliche Momente, die nicht so angenehm sind, sind oft auch die, die gro\u00dfe Ver\u00e4nderungen herbeif\u00fchren.<\/span>[\/vc_column_text][vc_empty_space][\/vc_column][\/vc_row][vc_row equal_height=&#8220;yes&#8220;][vc_column width=&#8220;1\/4&#8243;]<div class=\"edgtf-single-image-holder   \">\n    <div class=\"edgtf-si-inner\" >\n                                    <img loading=\"lazy\" decoding=\"async\" width=\"1440\" height=\"1920\" src=\"https:\/\/www.urbanyte.art\/wp-content\/uploads\/2022\/09\/Skirl_Mural-Harbor_2022.jpeg\" class=\"attachment-full size-full\" alt=\"\" srcset=\"https:\/\/www.urbanyte.art\/wp-content\/uploads\/2022\/09\/Skirl_Mural-Harbor_2022.jpeg 1440w, https:\/\/www.urbanyte.art\/wp-content\/uploads\/2022\/09\/Skirl_Mural-Harbor_2022-225x300.jpeg 225w, https:\/\/www.urbanyte.art\/wp-content\/uploads\/2022\/09\/Skirl_Mural-Harbor_2022-768x1024.jpeg 768w, https:\/\/www.urbanyte.art\/wp-content\/uploads\/2022\/09\/Skirl_Mural-Harbor_2022-1152x1536.jpeg 1152w\" sizes=\"auto, (max-width: 1440px) 100vw, 1440px\" \/>                        <\/div>\n<\/div>[vc_empty_space height=&#8220;22px&#8220;][\/vc_column][vc_column width=&#8220;1\/2&#8243;]<div class=\"edgtf-single-image-holder   \">\n    <div class=\"edgtf-si-inner\" >\n                                    <img loading=\"lazy\" decoding=\"async\" width=\"1917\" height=\"1217\" src=\"https:\/\/www.urbanyte.art\/wp-content\/uploads\/2022\/09\/Skirl_Mural-Harbor_2022_03-1.jpeg\" class=\"attachment-full size-full\" alt=\"\" srcset=\"https:\/\/www.urbanyte.art\/wp-content\/uploads\/2022\/09\/Skirl_Mural-Harbor_2022_03-1.jpeg 1917w, https:\/\/www.urbanyte.art\/wp-content\/uploads\/2022\/09\/Skirl_Mural-Harbor_2022_03-1-300x190.jpeg 300w, https:\/\/www.urbanyte.art\/wp-content\/uploads\/2022\/09\/Skirl_Mural-Harbor_2022_03-1-1024x650.jpeg 1024w, https:\/\/www.urbanyte.art\/wp-content\/uploads\/2022\/09\/Skirl_Mural-Harbor_2022_03-1-768x488.jpeg 768w, https:\/\/www.urbanyte.art\/wp-content\/uploads\/2022\/09\/Skirl_Mural-Harbor_2022_03-1-1536x975.jpeg 1536w\" sizes=\"auto, (max-width: 1917px) 100vw, 1917px\" \/>                        <\/div>\n<\/div>[vc_empty_space height=&#8220;22px&#8220;][\/vc_column][vc_column width=&#8220;1\/4&#8243;]<div class=\"edgtf-single-image-holder   \">\n    <div class=\"edgtf-si-inner\" >\n                                    <img loading=\"lazy\" decoding=\"async\" width=\"1440\" height=\"1920\" src=\"https:\/\/www.urbanyte.art\/wp-content\/uploads\/2022\/09\/Skirl_Mural-Harbor_2022_02.jpeg\" class=\"attachment-full size-full\" alt=\"\" srcset=\"https:\/\/www.urbanyte.art\/wp-content\/uploads\/2022\/09\/Skirl_Mural-Harbor_2022_02.jpeg 1440w, https:\/\/www.urbanyte.art\/wp-content\/uploads\/2022\/09\/Skirl_Mural-Harbor_2022_02-225x300.jpeg 225w, https:\/\/www.urbanyte.art\/wp-content\/uploads\/2022\/09\/Skirl_Mural-Harbor_2022_02-768x1024.jpeg 768w, https:\/\/www.urbanyte.art\/wp-content\/uploads\/2022\/09\/Skirl_Mural-Harbor_2022_02-1152x1536.jpeg 1152w\" sizes=\"auto, (max-width: 1440px) 100vw, 1440px\" \/>                        <\/div>\n<\/div>[vc_empty_space height=&#8220;22px&#8220;][\/vc_column][\/vc_row][vc_row][vc_column][vc_column_text]<\/p>\n<h5><b>Die Textur und der Stil deiner Arbeiten erinnern an Wellen und Baumrinden, Muster und Symbole der Natur. Ein Nebeneinander von pr\u00e4zisen Linien und organischen Formen, die den Betrachter durch ihre dynamische, kraftvolle und gleichzeitig anmutige, fast filigrane Komposition in den Bann ziehen und eine visuelle Spannung und ein Gef\u00fchl von Bewegung erzeugen. Welche Geschichten erz\u00e4hlen deine Werke? Welche Reaktionen oder Gedanken m\u00f6chtest du bei den Betrachtern ausl\u00f6sen?\u00a0<\/b><\/h5>\n<p><span style=\"font-weight: 400;\">Ich habe keine bestimmte Message, keinen bestimmten Sinn, Gedanken oder Thema, das ich mit meinen Bildern ausdr\u00fccken will. Ich konzentriere mich eigentlich eher auf das, was in mir drin ist, und versuche die Sachen f\u00fcr mich \u00e4sthetisch, stabil, balanciert und in meiner Technik sprechend, technisch gut darzustellen. Was das bei den Betrachtern ausl\u00f6st, ist mir nicht egal, aber man findet darin, was man eben finden will.\u00a0<\/span><\/p>\n<p><span style=\"font-weight: 400;\">Rein abstrakt ist meine Kunst eigentlich auch nicht, eher figurativ-abstrakt. Ganz oft tauchen beispielsweise K\u00f6rper und K\u00f6pfe auf. Ich erwische mich selbst oft dabei, dass es am unteren Ende eines Werkes beispielsweise eher Fu\u00df-artige Gebilde werden und oben Kopf-artige auftauchen. Aber eben nur ganz ganz grob. Oftmals, wenn ich Sachen mit ein wenig zeitlichem Abstand betrachte, fallen mir dann figurative Elemente stark auf, die ich aber eigentlich gar nicht impliziert hatte oder wollte.\u00a0\u00a0<\/span>[\/vc_column_text][vc_empty_space][\/vc_column][\/vc_row][vc_row][vc_column width=&#8220;1\/2&#8243;]<div class=\"edgtf-single-image-holder   \">\n    <div class=\"edgtf-si-inner\" >\n                                    <img loading=\"lazy\" decoding=\"async\" width=\"1920\" height=\"1080\" src=\"https:\/\/www.urbanyte.art\/wp-content\/uploads\/2022\/09\/Skirl_Header_Abandoned.jpeg\" class=\"attachment-full size-full\" alt=\"\" srcset=\"https:\/\/www.urbanyte.art\/wp-content\/uploads\/2022\/09\/Skirl_Header_Abandoned.jpeg 1920w, https:\/\/www.urbanyte.art\/wp-content\/uploads\/2022\/09\/Skirl_Header_Abandoned-300x169.jpeg 300w, https:\/\/www.urbanyte.art\/wp-content\/uploads\/2022\/09\/Skirl_Header_Abandoned-1024x576.jpeg 1024w, https:\/\/www.urbanyte.art\/wp-content\/uploads\/2022\/09\/Skirl_Header_Abandoned-768x432.jpeg 768w, https:\/\/www.urbanyte.art\/wp-content\/uploads\/2022\/09\/Skirl_Header_Abandoned-1536x864.jpeg 1536w\" sizes=\"auto, (max-width: 1920px) 100vw, 1920px\" \/>                        <\/div>\n<\/div>[vc_empty_space height=&#8220;22px&#8220;][\/vc_column][vc_column width=&#8220;1\/2&#8243;]<div class=\"edgtf-single-image-holder   \">\n    <div class=\"edgtf-si-inner\" >\n                                    <img loading=\"lazy\" decoding=\"async\" width=\"1920\" height=\"1080\" src=\"https:\/\/www.urbanyte.art\/wp-content\/uploads\/2022\/09\/Skirl_Mural_In-the-depths-of-a-mind-insane-fantasy-and-reality-are-the-same_2020_Vienna.jpeg\" class=\"attachment-full size-full\" alt=\"\" srcset=\"https:\/\/www.urbanyte.art\/wp-content\/uploads\/2022\/09\/Skirl_Mural_In-the-depths-of-a-mind-insane-fantasy-and-reality-are-the-same_2020_Vienna.jpeg 1920w, https:\/\/www.urbanyte.art\/wp-content\/uploads\/2022\/09\/Skirl_Mural_In-the-depths-of-a-mind-insane-fantasy-and-reality-are-the-same_2020_Vienna-300x169.jpeg 300w, https:\/\/www.urbanyte.art\/wp-content\/uploads\/2022\/09\/Skirl_Mural_In-the-depths-of-a-mind-insane-fantasy-and-reality-are-the-same_2020_Vienna-1024x576.jpeg 1024w, https:\/\/www.urbanyte.art\/wp-content\/uploads\/2022\/09\/Skirl_Mural_In-the-depths-of-a-mind-insane-fantasy-and-reality-are-the-same_2020_Vienna-768x432.jpeg 768w, https:\/\/www.urbanyte.art\/wp-content\/uploads\/2022\/09\/Skirl_Mural_In-the-depths-of-a-mind-insane-fantasy-and-reality-are-the-same_2020_Vienna-1536x864.jpeg 1536w\" sizes=\"auto, (max-width: 1920px) 100vw, 1920px\" \/>                        <\/div>\n<\/div>[vc_empty_space height=&#8220;22px&#8220;][\/vc_column][\/vc_row][vc_row][vc_column][vc_column_text]<\/p>\n<h5><b>Dienen dir Formen, die dir im Alltag oder in der Natur begegnen, als Inspirationsquelle?\u00a0<\/b><\/h5>\n<p><span style=\"font-weight: 400;\">Ja, aber ich denke eigentlich gar nicht dar\u00fcber nach. Ich bin st\u00e4ndig von Gedanken getrieben, denke eher zu viel als zu wenig, und das Zeichnen und Malen ist f\u00fcr mich eher ein meditativer Prozess zum Abschalten. Ich versuche dabei nicht viel nachzudenken, sondern konzentriere mich eher darauf, dass die Linien alle sch\u00f6n parallel zueinander sind.\u00a0<\/span>[\/vc_column_text][vc_empty_space][\/vc_column][\/vc_row][vc_row][vc_column width=&#8220;1\/2&#8243;]<div class=\"edgtf-single-image-holder   \">\n    <div class=\"edgtf-si-inner\" >\n                                    <img loading=\"lazy\" decoding=\"async\" width=\"1440\" height=\"1080\" src=\"https:\/\/www.urbanyte.art\/wp-content\/uploads\/2022\/09\/Skirl_Mural-on-Basketball-court_Boden-der-Tatsachen_2021_Kutaisi_Georgia_02.jpeg\" class=\"attachment-full size-full\" alt=\"\" srcset=\"https:\/\/www.urbanyte.art\/wp-content\/uploads\/2022\/09\/Skirl_Mural-on-Basketball-court_Boden-der-Tatsachen_2021_Kutaisi_Georgia_02.jpeg 1440w, https:\/\/www.urbanyte.art\/wp-content\/uploads\/2022\/09\/Skirl_Mural-on-Basketball-court_Boden-der-Tatsachen_2021_Kutaisi_Georgia_02-300x225.jpeg 300w, https:\/\/www.urbanyte.art\/wp-content\/uploads\/2022\/09\/Skirl_Mural-on-Basketball-court_Boden-der-Tatsachen_2021_Kutaisi_Georgia_02-1024x768.jpeg 1024w, https:\/\/www.urbanyte.art\/wp-content\/uploads\/2022\/09\/Skirl_Mural-on-Basketball-court_Boden-der-Tatsachen_2021_Kutaisi_Georgia_02-768x576.jpeg 768w\" sizes=\"auto, (max-width: 1440px) 100vw, 1440px\" \/>                        <\/div>\n<\/div>[vc_empty_space height=&#8220;22px&#8220;][\/vc_column][vc_column width=&#8220;1\/2&#8243;]<div class=\"edgtf-single-image-holder   \">\n    <div class=\"edgtf-si-inner\" >\n                                    <img loading=\"lazy\" decoding=\"async\" width=\"1920\" height=\"1440\" src=\"https:\/\/www.urbanyte.art\/wp-content\/uploads\/2022\/09\/Skirl_Mural-on-Basketball-court_Boden-der-Tatsachen_2021_Kutaisi_Georgia_04.jpeg\" class=\"attachment-full size-full\" alt=\"\" srcset=\"https:\/\/www.urbanyte.art\/wp-content\/uploads\/2022\/09\/Skirl_Mural-on-Basketball-court_Boden-der-Tatsachen_2021_Kutaisi_Georgia_04.jpeg 1920w, https:\/\/www.urbanyte.art\/wp-content\/uploads\/2022\/09\/Skirl_Mural-on-Basketball-court_Boden-der-Tatsachen_2021_Kutaisi_Georgia_04-300x225.jpeg 300w, https:\/\/www.urbanyte.art\/wp-content\/uploads\/2022\/09\/Skirl_Mural-on-Basketball-court_Boden-der-Tatsachen_2021_Kutaisi_Georgia_04-1024x768.jpeg 1024w, https:\/\/www.urbanyte.art\/wp-content\/uploads\/2022\/09\/Skirl_Mural-on-Basketball-court_Boden-der-Tatsachen_2021_Kutaisi_Georgia_04-768x576.jpeg 768w, https:\/\/www.urbanyte.art\/wp-content\/uploads\/2022\/09\/Skirl_Mural-on-Basketball-court_Boden-der-Tatsachen_2021_Kutaisi_Georgia_04-1536x1152.jpeg 1536w\" sizes=\"auto, (max-width: 1920px) 100vw, 1920px\" \/>                        <\/div>\n<\/div>[vc_empty_space height=&#8220;22px&#8220;][\/vc_column][\/vc_row][vc_row][vc_column][vc_column_text]<\/p>\n<h5><b>Gibt es auch andere K\u00fcnstler, die dich inspirieren, oder die du besonders sch\u00e4tzt?\u00a0<\/b><\/h5>\n<p><span style=\"font-weight: 400;\">Auf jeden Fall. Ich bin sehr gut vernetzt und habe ganz tolle K\u00fcnstler im Freundeskreis, auch spannende, sehr talentierte junge Nachwuchsk\u00fcnstler, mit denen man sich k\u00fcnstlerisch, technisch aber auch zu wirtschaftlichen Aspekten austauscht. Die beeinflussen mich stark. Ich verfolge nat\u00fcrlich auch das aktuelle Schaffen von internationalen K\u00fcnstlern im Internet, versuch das aber relativ stark zu reduzieren, weils mir auch ganz schnell zu viel wird. Ansonsten gehe ich auch gern ins Museum, oder gehe im Wald spazieren und schaue mir gerne gewachsene Formen an. Ich habe unz\u00e4hlige Fotos von Bl\u00e4ttern, Rinden, Weinst\u00f6cken oder auch toten Tieren gesammelt, f\u00fcr Au\u00dfenstehende vielleicht extrem seltsam wirkende Referenzen, die mich aber irgendwie gecatched haben.\u00a0<\/span>[\/vc_column_text][vc_empty_space][\/vc_column][\/vc_row][vc_row][vc_column]<div class=\"edgtf-single-image-holder   \">\n    <div class=\"edgtf-si-inner\" >\n                                    <img loading=\"lazy\" decoding=\"async\" width=\"1917\" height=\"1153\" src=\"https:\/\/www.urbanyte.art\/wp-content\/uploads\/2022\/09\/Skirl_Mural_Look-mum-no-hands_2020_Student-Hotel_Vienna_05.jpeg\" class=\"attachment-full size-full\" alt=\"\" srcset=\"https:\/\/www.urbanyte.art\/wp-content\/uploads\/2022\/09\/Skirl_Mural_Look-mum-no-hands_2020_Student-Hotel_Vienna_05.jpeg 1917w, https:\/\/www.urbanyte.art\/wp-content\/uploads\/2022\/09\/Skirl_Mural_Look-mum-no-hands_2020_Student-Hotel_Vienna_05-300x180.jpeg 300w, https:\/\/www.urbanyte.art\/wp-content\/uploads\/2022\/09\/Skirl_Mural_Look-mum-no-hands_2020_Student-Hotel_Vienna_05-1024x616.jpeg 1024w, https:\/\/www.urbanyte.art\/wp-content\/uploads\/2022\/09\/Skirl_Mural_Look-mum-no-hands_2020_Student-Hotel_Vienna_05-768x462.jpeg 768w, https:\/\/www.urbanyte.art\/wp-content\/uploads\/2022\/09\/Skirl_Mural_Look-mum-no-hands_2020_Student-Hotel_Vienna_05-1536x924.jpeg 1536w\" sizes=\"auto, (max-width: 1917px) 100vw, 1917px\" \/>                        <\/div>\n<\/div>[vc_empty_space height=&#8220;22px&#8220;][\/vc_column][\/vc_row][vc_row][vc_column][vc_column_text]<\/p>\n<h5><b>Du nutzt eine Technik, die keine Fehler zul\u00e4sst. Jeder gesetzte Strich muss sitzen, anders als bei der Arbeit mit Spr\u00fchdosen. Wie gehst du an die Kreation neuer Werke heran, erstellst du im Vorfeld einen Entwurf oder l\u00e4sst du dich in den Moment fallen und gestaltest aus Spontanit\u00e4t heraus? Wie sieht dein kreativer Prozess und deine technische Herangehensweise aus?<\/b><\/h5>\n<p><span style=\"font-weight: 400;\">Das kommt darauf an, ob ich ein Bild f\u00fcr mich selber male, als Referenz oder einfach f\u00fcrs Foto, oder ob es eine Auftragsarbeit ist. Bei zweiterem, wenn eine Person mich daf\u00fcr bezahlt oder entsch\u00e4digt, dann ist zumindest eine Absprache oder eine grobe Skizze meist gefragt. Das hei\u00dft, ich muss grob anhand anderer Projekte oder Beispiele zeigen, wie ich es ungef\u00e4hr machen werde und manche Leute wollen es da tats\u00e4chlich relativ genau wissen, auch wenn ich vorher klarstelle, dass ich nicht jede Linie exakt so nachmalen kann.\u00a0<\/span><\/p>\n<p><span style=\"font-weight: 400;\">Wenn ich f\u00fcr mich selber was mache, oder einfach ein paar Leinw\u00e4nde oder Bilder male, die ich zum Verkauf anbiete, dann male ich komplett intuitiv. Ich habe dabei keinen richtigen Plan, keine klare Idee oder einen Leitfaden. Ich sammle Grundformen in einem Skizzenbuch, die mir manchmal als Basis dienen. Sehr einfache, abstrakte Kompositionen, kryptische Grundformen, die stabil aufeinander passen.<\/span>[\/vc_column_text][vc_empty_space][\/vc_column][\/vc_row][vc_row][vc_column width=&#8220;1\/2&#8243;]<div class=\"edgtf-single-image-holder   \">\n    <div class=\"edgtf-si-inner\" >\n                                    <img loading=\"lazy\" decoding=\"async\" width=\"1920\" height=\"1080\" src=\"https:\/\/www.urbanyte.art\/wp-content\/uploads\/2022\/09\/Skirl_Please-dont-call-were-out-of-business_2020_Caserta-Italy.jpeg\" class=\"attachment-full size-full\" alt=\"\" srcset=\"https:\/\/www.urbanyte.art\/wp-content\/uploads\/2022\/09\/Skirl_Please-dont-call-were-out-of-business_2020_Caserta-Italy.jpeg 1920w, https:\/\/www.urbanyte.art\/wp-content\/uploads\/2022\/09\/Skirl_Please-dont-call-were-out-of-business_2020_Caserta-Italy-300x169.jpeg 300w, https:\/\/www.urbanyte.art\/wp-content\/uploads\/2022\/09\/Skirl_Please-dont-call-were-out-of-business_2020_Caserta-Italy-1024x576.jpeg 1024w, https:\/\/www.urbanyte.art\/wp-content\/uploads\/2022\/09\/Skirl_Please-dont-call-were-out-of-business_2020_Caserta-Italy-768x432.jpeg 768w, https:\/\/www.urbanyte.art\/wp-content\/uploads\/2022\/09\/Skirl_Please-dont-call-were-out-of-business_2020_Caserta-Italy-1536x864.jpeg 1536w\" sizes=\"auto, (max-width: 1920px) 100vw, 1920px\" \/>                        <\/div>\n<\/div>[vc_empty_space height=&#8220;22px&#8220;][\/vc_column][vc_column width=&#8220;1\/2&#8243;]<div class=\"edgtf-single-image-holder   \">\n    <div class=\"edgtf-si-inner\" >\n                                    <img loading=\"lazy\" decoding=\"async\" width=\"1920\" height=\"1080\" src=\"https:\/\/www.urbanyte.art\/wp-content\/uploads\/2022\/09\/Skirl_Header_Mural-1.jpeg\" class=\"attachment-full size-full\" alt=\"\" srcset=\"https:\/\/www.urbanyte.art\/wp-content\/uploads\/2022\/09\/Skirl_Header_Mural-1.jpeg 1920w, https:\/\/www.urbanyte.art\/wp-content\/uploads\/2022\/09\/Skirl_Header_Mural-1-300x169.jpeg 300w, https:\/\/www.urbanyte.art\/wp-content\/uploads\/2022\/09\/Skirl_Header_Mural-1-1024x576.jpeg 1024w, https:\/\/www.urbanyte.art\/wp-content\/uploads\/2022\/09\/Skirl_Header_Mural-1-768x432.jpeg 768w, https:\/\/www.urbanyte.art\/wp-content\/uploads\/2022\/09\/Skirl_Header_Mural-1-1536x864.jpeg 1536w\" sizes=\"auto, (max-width: 1920px) 100vw, 1920px\" \/>                        <\/div>\n<\/div>[vc_empty_space height=&#8220;22px&#8220;][\/vc_column][\/vc_row][vc_row][vc_column][vc_column_text]<\/p>\n<h5><b>Warum sind deine Werke fast alle ausschlie\u00dflich in Schwarz und Blau gehalten?\u00a0<\/b><\/h5>\n<p><span style=\"font-weight: 400;\">Ehrlich gesagt, ich finde alle anderen Farben einfach h\u00e4\u00dflich. Bei mir Zuhause oder meiner Kleidung wirst du auch nichts orange-farbenes, gelbes oder violettes finden. Ich habe da irgendeine Art Tick, manche Farben d\u00fcrfen in meinen Bildern einfach nicht vorkommen und gleiches gilt f\u00fcr die Gegenst\u00e4nde mit denen ich mich umgebe. Bunt, flashig, laserstyle ist das Schlimmste, es ist mir hochgradig unsympathisch, manchmal auch \u00fcberfordernd. <\/span>[\/vc_column_text][vc_empty_space][\/vc_column][\/vc_row][vc_row equal_height=&#8220;yes&#8220;][vc_column width=&#8220;1\/3&#8243;]<div class=\"edgtf-single-image-holder   \">\n    <div class=\"edgtf-si-inner\" >\n                                    <img loading=\"lazy\" decoding=\"async\" width=\"1440\" height=\"1920\" src=\"https:\/\/www.urbanyte.art\/wp-content\/uploads\/2022\/09\/Skirl_2021_photo_01.jpeg\" class=\"attachment-full size-full\" alt=\"\" srcset=\"https:\/\/www.urbanyte.art\/wp-content\/uploads\/2022\/09\/Skirl_2021_photo_01.jpeg 1440w, https:\/\/www.urbanyte.art\/wp-content\/uploads\/2022\/09\/Skirl_2021_photo_01-225x300.jpeg 225w, https:\/\/www.urbanyte.art\/wp-content\/uploads\/2022\/09\/Skirl_2021_photo_01-768x1024.jpeg 768w, https:\/\/www.urbanyte.art\/wp-content\/uploads\/2022\/09\/Skirl_2021_photo_01-1152x1536.jpeg 1152w\" sizes=\"auto, (max-width: 1440px) 100vw, 1440px\" \/>                        <\/div>\n<\/div>[vc_empty_space height=&#8220;22px&#8220;][\/vc_column][vc_column width=&#8220;1\/3&#8243;]<div class=\"edgtf-single-image-holder   \">\n    <div class=\"edgtf-si-inner\" >\n                                    <img loading=\"lazy\" decoding=\"async\" width=\"1440\" height=\"1920\" src=\"https:\/\/www.urbanyte.art\/wp-content\/uploads\/2022\/09\/Skirl_Screenprint-on-cotton_Lapislazuli_2021_Vienna_02.jpeg\" class=\"attachment-full size-full\" alt=\"\" srcset=\"https:\/\/www.urbanyte.art\/wp-content\/uploads\/2022\/09\/Skirl_Screenprint-on-cotton_Lapislazuli_2021_Vienna_02.jpeg 1440w, https:\/\/www.urbanyte.art\/wp-content\/uploads\/2022\/09\/Skirl_Screenprint-on-cotton_Lapislazuli_2021_Vienna_02-225x300.jpeg 225w, https:\/\/www.urbanyte.art\/wp-content\/uploads\/2022\/09\/Skirl_Screenprint-on-cotton_Lapislazuli_2021_Vienna_02-768x1024.jpeg 768w, https:\/\/www.urbanyte.art\/wp-content\/uploads\/2022\/09\/Skirl_Screenprint-on-cotton_Lapislazuli_2021_Vienna_02-1152x1536.jpeg 1152w\" sizes=\"auto, (max-width: 1440px) 100vw, 1440px\" \/>                        <\/div>\n<\/div>[vc_empty_space height=&#8220;22px&#8220;][\/vc_column][vc_column width=&#8220;1\/3&#8243;]<div class=\"edgtf-single-image-holder   \">\n    <div class=\"edgtf-si-inner\" >\n                                    <img loading=\"lazy\" decoding=\"async\" width=\"1440\" height=\"1920\" src=\"https:\/\/www.urbanyte.art\/wp-content\/uploads\/2022\/09\/Skirl_acryl-on-paper_Erkenntnis_2021_Oxymoron-Gallery-Vienna.jpeg\" class=\"attachment-full size-full\" alt=\"\" srcset=\"https:\/\/www.urbanyte.art\/wp-content\/uploads\/2022\/09\/Skirl_acryl-on-paper_Erkenntnis_2021_Oxymoron-Gallery-Vienna.jpeg 1440w, https:\/\/www.urbanyte.art\/wp-content\/uploads\/2022\/09\/Skirl_acryl-on-paper_Erkenntnis_2021_Oxymoron-Gallery-Vienna-225x300.jpeg 225w, https:\/\/www.urbanyte.art\/wp-content\/uploads\/2022\/09\/Skirl_acryl-on-paper_Erkenntnis_2021_Oxymoron-Gallery-Vienna-768x1024.jpeg 768w, https:\/\/www.urbanyte.art\/wp-content\/uploads\/2022\/09\/Skirl_acryl-on-paper_Erkenntnis_2021_Oxymoron-Gallery-Vienna-1152x1536.jpeg 1152w\" sizes=\"auto, (max-width: 1440px) 100vw, 1440px\" \/>                        <\/div>\n<\/div>[vc_empty_space height=&#8220;22px&#8220;][\/vc_column][\/vc_row][vc_row][vc_column][vc_column_text]<\/p>\n<h5><b>Wie sehr beeinflussen der Ort und der Kontext, in dem du deine Werke kreierst, deinen kreativen Prozess?<\/b><\/h5>\n<p><span style=\"font-weight: 400;\">Ort und Kontext beeinflussen meinen kreativen Prozess extrem. Ich habe ja schon gesagt, dass mein Schaffen ein sehr intuitiver, fast meditativer Prozess ist, dementsprechend werde ich vom Kontext, den baulichen Gegebenheiten, von den Gespr\u00e4chen und den Menschen, den kleinen Anekdoten, der Art und Weise wie sie ihr Land oder ihre Firma pr\u00e4sentieren, extrem beeinflusst. Selbst wenn ich mit einem Plan irgendwo hingehe, kann sich dieser durch die Umst\u00e4nde noch stark ver\u00e4ndern. Ich versuche aber generell meine Bilder an die Gegebenheiten, dem, was da passiert und was da stattfindet, anzupassen und nicht sie irgendwo reinzuzw\u00e4ngen. <\/span>[\/vc_column_text][vc_empty_space][\/vc_column][\/vc_row][vc_row][vc_column width=&#8220;1\/2&#8243;]<div class=\"edgtf-single-image-holder   \">\n    <div class=\"edgtf-si-inner\" >\n                                    <img loading=\"lazy\" decoding=\"async\" width=\"1080\" height=\"1349\" src=\"https:\/\/www.urbanyte.art\/wp-content\/uploads\/2022\/09\/Skirl_Mural_Post-mortum_Ausstellung-Takeover-Wien-Museum_2019_Vienna_02.jpeg\" class=\"attachment-full size-full\" alt=\"\" srcset=\"https:\/\/www.urbanyte.art\/wp-content\/uploads\/2022\/09\/Skirl_Mural_Post-mortum_Ausstellung-Takeover-Wien-Museum_2019_Vienna_02.jpeg 1080w, https:\/\/www.urbanyte.art\/wp-content\/uploads\/2022\/09\/Skirl_Mural_Post-mortum_Ausstellung-Takeover-Wien-Museum_2019_Vienna_02-240x300.jpeg 240w, https:\/\/www.urbanyte.art\/wp-content\/uploads\/2022\/09\/Skirl_Mural_Post-mortum_Ausstellung-Takeover-Wien-Museum_2019_Vienna_02-820x1024.jpeg 820w, https:\/\/www.urbanyte.art\/wp-content\/uploads\/2022\/09\/Skirl_Mural_Post-mortum_Ausstellung-Takeover-Wien-Museum_2019_Vienna_02-768x959.jpeg 768w\" sizes=\"auto, (max-width: 1080px) 100vw, 1080px\" \/>                        <\/div>\n<\/div>[vc_empty_space height=&#8220;22px&#8220;][\/vc_column][vc_column width=&#8220;1\/2&#8243;]<div class=\"edgtf-single-image-holder   \">\n    <div class=\"edgtf-si-inner\" >\n                                    <img loading=\"lazy\" decoding=\"async\" width=\"1080\" height=\"1377\" src=\"https:\/\/www.urbanyte.art\/wp-content\/uploads\/2022\/09\/Skirl_Mural_Huehnergott_2019_Erfurt_01.jpg\" class=\"attachment-full size-full\" alt=\"\" srcset=\"https:\/\/www.urbanyte.art\/wp-content\/uploads\/2022\/09\/Skirl_Mural_Huehnergott_2019_Erfurt_01.jpg 1080w, https:\/\/www.urbanyte.art\/wp-content\/uploads\/2022\/09\/Skirl_Mural_Huehnergott_2019_Erfurt_01-235x300.jpg 235w, https:\/\/www.urbanyte.art\/wp-content\/uploads\/2022\/09\/Skirl_Mural_Huehnergott_2019_Erfurt_01-803x1024.jpg 803w, https:\/\/www.urbanyte.art\/wp-content\/uploads\/2022\/09\/Skirl_Mural_Huehnergott_2019_Erfurt_01-768x979.jpg 768w\" sizes=\"auto, (max-width: 1080px) 100vw, 1080px\" \/>                        <\/div>\n<\/div>[vc_empty_space height=&#8220;22px&#8220;][\/vc_column][\/vc_row][vc_row][vc_column][vc_column_text]<\/p>\n<h5><b>Wie w\u00fcrdest du die Urban Art Szene in Wien und \u00d6sterreich beschreiben? Siehst du Unterschiede zu anderen europ\u00e4ischen Metropolen und L\u00e4ndern?<\/b><\/h5>\n<p><span style=\"font-weight: 400;\">Ich habe \u00fcber die Jahre erfahren, dass die Streetart-Szene je nach Ort, Land, Mentalit\u00e4t aber auch wirtschaftlicher Situation sehr unterschiedlich sein kann. Es gibt L\u00e4nder und St\u00e4dte in Europa, die stark von der Hip-Hop Szene beeinflusst sind, mit poppigen Schriften und Farben. Es gibt St\u00e4dte und L\u00e4nder, die f\u00f6rdern und W\u00e4nde bereitstellen, in denen die Graffiti insgesamt hochwertiger werden. Wieder andere \u00fcberwachen stark, stellen \u00fcberall Kameras auf, wo die Menschen, die Graffiti betreiben, vielleicht eher aus einer Frustration heraus handeln. In wieder anderen Orten, zum Beispiel in S\u00fcditalien, freuen sich die Menschen, wenn jemand ein sch\u00f6nes Bild auf die Stra\u00dfe malt, f\u00fchlen sich beschenkt und bringen dir beim Malen vielleicht auch noch etwas zu Essen vorbei und gehen eben ganz anders damit um. Dort ist es eher ein Ausdruck von Freiheit, der bef\u00fcrwortet wird.\u00a0<\/span><\/p>\n<p><span style=\"font-weight: 400;\">Streetart ist immer ein Spiegelbild von dem, was in einem Land gerade stattfindet, wie die Leute dort drauf sind, wie mit \u00f6ffentlichem Eigentum generell in der Gesellschaft umgegangen wird. Gerade wenn man illegale Sachen macht und dabei von Passanten gesehen wird, macht die Mentalit\u00e4t in den unterschiedlichen St\u00e4dten in Europa einen gro\u00dfen Unterschied. In S\u00fcdeuropa habe ich das Gef\u00fchl, es ist den Leuten eher egal, man k\u00fcmmert sich um sich und seine Familie, man identifiziert sich eher mit einem kleineren Kreis. Nordeurop\u00e4ische L\u00e4nder scheinen sich meinem Eindruck nach mehr mit gro\u00dfen Gesellschaften zu identifizieren und das sind dann potenziell eher Menschen, die etwas verteidigen, was ihnen nicht geh\u00f6rt. Die zum Beispiel die Polizei anrufen, dich verfolgen und zusehen, dass aus ihrer Sicht \u201cRecht\u201d geschieht. <\/span>[\/vc_column_text][vc_empty_space][\/vc_column][\/vc_row][vc_row][vc_column width=&#8220;1\/2&#8243;]<div class=\"edgtf-single-image-holder   \">\n    <div class=\"edgtf-si-inner\" >\n                                    <img loading=\"lazy\" decoding=\"async\" width=\"1440\" height=\"1920\" src=\"https:\/\/www.urbanyte.art\/wp-content\/uploads\/2022\/09\/Skirl_Mural_Franz-Lehar_Kulturverein-Bad-Ischl_2018_02.jpeg\" class=\"attachment-full size-full\" alt=\"\" srcset=\"https:\/\/www.urbanyte.art\/wp-content\/uploads\/2022\/09\/Skirl_Mural_Franz-Lehar_Kulturverein-Bad-Ischl_2018_02.jpeg 1440w, https:\/\/www.urbanyte.art\/wp-content\/uploads\/2022\/09\/Skirl_Mural_Franz-Lehar_Kulturverein-Bad-Ischl_2018_02-225x300.jpeg 225w, https:\/\/www.urbanyte.art\/wp-content\/uploads\/2022\/09\/Skirl_Mural_Franz-Lehar_Kulturverein-Bad-Ischl_2018_02-768x1024.jpeg 768w, https:\/\/www.urbanyte.art\/wp-content\/uploads\/2022\/09\/Skirl_Mural_Franz-Lehar_Kulturverein-Bad-Ischl_2018_02-1152x1536.jpeg 1152w\" sizes=\"auto, (max-width: 1440px) 100vw, 1440px\" \/>                        <\/div>\n<\/div>[vc_empty_space height=&#8220;22px&#8220;][\/vc_column][vc_column width=&#8220;1\/2&#8243;]<div class=\"edgtf-single-image-holder   \">\n    <div class=\"edgtf-si-inner\" >\n                                    <img loading=\"lazy\" decoding=\"async\" width=\"1440\" height=\"1920\" src=\"https:\/\/www.urbanyte.art\/wp-content\/uploads\/2022\/09\/Skirl_Mural_Franz-Lehar_Kulturverein-Bad-Ischl_2018_01.jpeg\" class=\"attachment-full size-full\" alt=\"\" srcset=\"https:\/\/www.urbanyte.art\/wp-content\/uploads\/2022\/09\/Skirl_Mural_Franz-Lehar_Kulturverein-Bad-Ischl_2018_01.jpeg 1440w, https:\/\/www.urbanyte.art\/wp-content\/uploads\/2022\/09\/Skirl_Mural_Franz-Lehar_Kulturverein-Bad-Ischl_2018_01-225x300.jpeg 225w, https:\/\/www.urbanyte.art\/wp-content\/uploads\/2022\/09\/Skirl_Mural_Franz-Lehar_Kulturverein-Bad-Ischl_2018_01-768x1024.jpeg 768w, https:\/\/www.urbanyte.art\/wp-content\/uploads\/2022\/09\/Skirl_Mural_Franz-Lehar_Kulturverein-Bad-Ischl_2018_01-1152x1536.jpeg 1152w\" sizes=\"auto, (max-width: 1440px) 100vw, 1440px\" \/>                        <\/div>\n<\/div>[vc_empty_space height=&#8220;22px&#8220;][\/vc_column][\/vc_row][vc_row][vc_column][vc_column_text]<\/p>\n<h5><b>W\u00fcrdest du auch Wien den Letzteren zuordnen?\u00a0<\/b><\/h5>\n<p><span style=\"font-weight: 400;\">Jein, das ist schwierig zu sagen. Wien ist ein ganz eigener Fall. \u00d6sterreich ist prinzipiell schon gerne am St\u00e4nkern, \u00d6sterreicher sagen dem anderen gerne, was er falsch macht, aber wovor \u00d6sterreicher total Angst haben, ist dabei im Unrecht zu sein. Und das nutze ich aus, durch K\u00f6rpersprache oder auch indem ich immer eine halbwegs schl\u00fcssige Erkl\u00e4rung parat habe. Ein simples Beispiel: Wenn ich oben auf irgendeinem Geb\u00e4ude rumklettere und die Menschen von unten hoch schreien, was ich da zu suchen habe, dann kann eine Antwort wie \u201c<\/span><i><span style=\"font-weight: 400;\">Ich habe meine Drohne verloren, habt ihr sie irgendwo gesehen?<\/span><\/i><span style=\"font-weight: 400;\">\u201d ganz schnell ein schlechtes Gewissen ausl\u00f6sen und meist entschuldigen sich die Leute sogar. Bl\u00f6d gesagt, eine kleine L\u00fcge verpackt in einer freundlichen, aber selbstbewussten Antwort reicht, und jeder \u00d6sterreicher l\u00e4sst dich in Ruhe. Nur wenn du zur\u00fcckbellst, dann ist es vorbei.<\/span><\/p>\n<p><span style=\"font-weight: 400;\">In Deutschland hingegen ist es schon wieder ganz anders. Die Leute sind ein bisschen korrekter und strategischer denkend, und gef\u00fchlsm\u00e4\u00dfig nimmt das zu, je weiter man in den Norden geht. <\/span>[\/vc_column_text][vc_empty_space][\/vc_column][\/vc_row][vc_row][vc_column width=&#8220;1\/2&#8243;]<div class=\"edgtf-single-image-holder   \">\n    <div class=\"edgtf-si-inner\" >\n                                    <img loading=\"lazy\" decoding=\"async\" width=\"1080\" height=\"1080\" src=\"https:\/\/www.urbanyte.art\/wp-content\/uploads\/2022\/09\/Skirl_AE_2018_Perg-Streetwork-Haus-Austria_03.jpeg\" class=\"attachment-full size-full\" alt=\"\" srcset=\"https:\/\/www.urbanyte.art\/wp-content\/uploads\/2022\/09\/Skirl_AE_2018_Perg-Streetwork-Haus-Austria_03.jpeg 1080w, https:\/\/www.urbanyte.art\/wp-content\/uploads\/2022\/09\/Skirl_AE_2018_Perg-Streetwork-Haus-Austria_03-300x300.jpeg 300w, https:\/\/www.urbanyte.art\/wp-content\/uploads\/2022\/09\/Skirl_AE_2018_Perg-Streetwork-Haus-Austria_03-1024x1024.jpeg 1024w, https:\/\/www.urbanyte.art\/wp-content\/uploads\/2022\/09\/Skirl_AE_2018_Perg-Streetwork-Haus-Austria_03-150x150.jpeg 150w, https:\/\/www.urbanyte.art\/wp-content\/uploads\/2022\/09\/Skirl_AE_2018_Perg-Streetwork-Haus-Austria_03-768x768.jpeg 768w, https:\/\/www.urbanyte.art\/wp-content\/uploads\/2022\/09\/Skirl_AE_2018_Perg-Streetwork-Haus-Austria_03-650x650.jpeg 650w\" sizes=\"auto, (max-width: 1080px) 100vw, 1080px\" \/>                        <\/div>\n<\/div>[vc_empty_space height=&#8220;22px&#8220;][\/vc_column][vc_column width=&#8220;1\/2&#8243;]<div class=\"edgtf-single-image-holder   \">\n    <div class=\"edgtf-si-inner\" >\n                                    <img loading=\"lazy\" decoding=\"async\" width=\"1084\" height=\"1078\" src=\"https:\/\/www.urbanyte.art\/wp-content\/uploads\/2022\/09\/Skirl_AE_2018_Perg-Streetwork-Haus-Austria_04.jpeg\" class=\"attachment-full size-full\" alt=\"\" srcset=\"https:\/\/www.urbanyte.art\/wp-content\/uploads\/2022\/09\/Skirl_AE_2018_Perg-Streetwork-Haus-Austria_04.jpeg 1084w, https:\/\/www.urbanyte.art\/wp-content\/uploads\/2022\/09\/Skirl_AE_2018_Perg-Streetwork-Haus-Austria_04-300x298.jpeg 300w, https:\/\/www.urbanyte.art\/wp-content\/uploads\/2022\/09\/Skirl_AE_2018_Perg-Streetwork-Haus-Austria_04-1024x1018.jpeg 1024w, https:\/\/www.urbanyte.art\/wp-content\/uploads\/2022\/09\/Skirl_AE_2018_Perg-Streetwork-Haus-Austria_04-150x150.jpeg 150w, https:\/\/www.urbanyte.art\/wp-content\/uploads\/2022\/09\/Skirl_AE_2018_Perg-Streetwork-Haus-Austria_04-768x764.jpeg 768w\" sizes=\"auto, (max-width: 1084px) 100vw, 1084px\" \/>                        <\/div>\n<\/div>[vc_empty_space height=&#8220;22px&#8220;][\/vc_column][\/vc_row][vc_row][vc_column][vc_column_text]<\/p>\n<h5><b>Und wie w\u00fcrdest du die Wiener Szene intern beschreiben?\u00a0<\/b><\/h5>\n<p><span style=\"font-weight: 400;\">Das ist schwierig zu sagen, da ich ja selbst ein Teil davon bin. Ich habe den Eindruck, HipHop ist auf dem absteigenden Ast und wird abgel\u00f6st von einer j\u00fcngeren Generation, die nach Hippie-HipHop und Hipster wahrscheinlich bald den n\u00e4chsten Trend etabliert. Das klassische Graffiti, mit Highlights und 3D-Effekten wird auf jeden Fall weniger bei uns. Insgesamt treten immer wieder neue K\u00fcnstler in Erscheinung, die aber nach zwei oder drei Jahren verschwinden, meist auch weil sie versuchen ein gut funktionierendes Konzept zu kopieren, anstelle etwas eigenes zu machen. Aber es gibt auch viele, die Neues ausprobieren, auch weil die Stadt Wien viele W\u00e4nde zum Malen stellt und Leuten die M\u00f6glichkeit zum Einstieg in die Szene, aber auch zum Experimentieren bietet. Ich habe auch das Gef\u00fchl, dass die Frauenquote ist in letzter Zeit stark angestiegen ist. <\/span>[\/vc_column_text][vc_empty_space][\/vc_column][\/vc_row][vc_row][vc_column width=&#8220;1\/3&#8243;]<div class=\"edgtf-single-image-holder   \">\n    <div class=\"edgtf-si-inner\" >\n                                    <img loading=\"lazy\" decoding=\"async\" width=\"1440\" height=\"1448\" src=\"https:\/\/www.urbanyte.art\/wp-content\/uploads\/2022\/09\/290731846_436529875147656_2649088322841536082_n.jpg\" class=\"attachment-full size-full\" alt=\"\" srcset=\"https:\/\/www.urbanyte.art\/wp-content\/uploads\/2022\/09\/290731846_436529875147656_2649088322841536082_n.jpg 1440w, https:\/\/www.urbanyte.art\/wp-content\/uploads\/2022\/09\/290731846_436529875147656_2649088322841536082_n-298x300.jpg 298w, https:\/\/www.urbanyte.art\/wp-content\/uploads\/2022\/09\/290731846_436529875147656_2649088322841536082_n-1018x1024.jpg 1018w, https:\/\/www.urbanyte.art\/wp-content\/uploads\/2022\/09\/290731846_436529875147656_2649088322841536082_n-150x150.jpg 150w, https:\/\/www.urbanyte.art\/wp-content\/uploads\/2022\/09\/290731846_436529875147656_2649088322841536082_n-768x772.jpg 768w\" sizes=\"auto, (max-width: 1440px) 100vw, 1440px\" \/>                        <\/div>\n<\/div>[vc_empty_space height=&#8220;22px&#8220;][\/vc_column][vc_column width=&#8220;1\/3&#8243;]<div class=\"edgtf-single-image-holder   \">\n    <div class=\"edgtf-si-inner\" >\n                                    <img loading=\"lazy\" decoding=\"async\" width=\"1440\" height=\"1448\" src=\"https:\/\/www.urbanyte.art\/wp-content\/uploads\/2022\/09\/293251160_447896097344367_8624396064017505727_n.jpg\" class=\"attachment-full size-full\" alt=\"\" srcset=\"https:\/\/www.urbanyte.art\/wp-content\/uploads\/2022\/09\/293251160_447896097344367_8624396064017505727_n.jpg 1440w, https:\/\/www.urbanyte.art\/wp-content\/uploads\/2022\/09\/293251160_447896097344367_8624396064017505727_n-298x300.jpg 298w, https:\/\/www.urbanyte.art\/wp-content\/uploads\/2022\/09\/293251160_447896097344367_8624396064017505727_n-1018x1024.jpg 1018w, https:\/\/www.urbanyte.art\/wp-content\/uploads\/2022\/09\/293251160_447896097344367_8624396064017505727_n-150x150.jpg 150w, https:\/\/www.urbanyte.art\/wp-content\/uploads\/2022\/09\/293251160_447896097344367_8624396064017505727_n-768x772.jpg 768w\" sizes=\"auto, (max-width: 1440px) 100vw, 1440px\" \/>                        <\/div>\n<\/div>[vc_empty_space height=&#8220;22px&#8220;][\/vc_column][vc_column width=&#8220;1\/3&#8243;]<div class=\"edgtf-single-image-holder   \">\n    <div class=\"edgtf-si-inner\" >\n                                    <img loading=\"lazy\" decoding=\"async\" width=\"1440\" height=\"1448\" src=\"https:\/\/www.urbanyte.art\/wp-content\/uploads\/2022\/09\/Skirl_Indoor-Mural_Jo-and-Joe_2021_Vienna.jpeg\" class=\"attachment-full size-full\" alt=\"\" srcset=\"https:\/\/www.urbanyte.art\/wp-content\/uploads\/2022\/09\/Skirl_Indoor-Mural_Jo-and-Joe_2021_Vienna.jpeg 1440w, https:\/\/www.urbanyte.art\/wp-content\/uploads\/2022\/09\/Skirl_Indoor-Mural_Jo-and-Joe_2021_Vienna-298x300.jpeg 298w, https:\/\/www.urbanyte.art\/wp-content\/uploads\/2022\/09\/Skirl_Indoor-Mural_Jo-and-Joe_2021_Vienna-1018x1024.jpeg 1018w, https:\/\/www.urbanyte.art\/wp-content\/uploads\/2022\/09\/Skirl_Indoor-Mural_Jo-and-Joe_2021_Vienna-150x150.jpeg 150w, https:\/\/www.urbanyte.art\/wp-content\/uploads\/2022\/09\/Skirl_Indoor-Mural_Jo-and-Joe_2021_Vienna-768x772.jpeg 768w\" sizes=\"auto, (max-width: 1440px) 100vw, 1440px\" \/>                        <\/div>\n<\/div>[vc_empty_space height=&#8220;22px&#8220;][\/vc_column][\/vc_row][vc_row][vc_column][vc_column_text]<\/p>\n<h5><b>Also kann man sagen, dass die Stadt Wien die Streetart und Graffiti-Szene bewusst f\u00f6rdert?<\/b><\/h5>\n<p><span style=\"font-weight: 400;\">Ja, politisch gesehen f\u00f6rdert Wien die Szene stark durch die Bereitstellung von Fl\u00e4chen, was ein kluger Schachzug ist, da dadurch mehr illegale Graffitis unter Br\u00fccken, in Parks oder der U-Bahn verschwinden und der Rest der Stadt geschont wird. Und wenn man die Leute machen l\u00e4sst und ihnen Zeit gibt, dann steigert das langfristig nat\u00fcrlich auch die Gesamtqualit\u00e4t der Bilder. Andere St\u00e4dte machen es umgekehrt und wollen sich eben keine Generation an professionellen Sprayern heranz\u00fcchten, was ich auch irgendwie verstehe, aber man wird sehen, was der richtige Weg ist. In Wien funktioniert es, weil unsere Mentalit\u00e4t nicht so motiviert ist, im Sinne von hardcore auf die Kacke zu hauen und best\u00e4ndig \u00fcber l\u00e4ngere Zeit etwas getrieben durchzuziehen. Generell, wenn einzelne Menschen oder Gruppen etwas so extrem und exzessiv praktizieren, dann sind das meistens innerlich traumatisierte Menschen, die vor irgendwas in ihrem Kopf davonlaufen. Und ich glaube, kommunal gesehen, haben wir in \u00d6sterreich insgesamt relativ wenig solcher Leute, die frustriert oder traumatisiert sind und sich durch Graffiti davon ablenken. Also die Schnittmenge von Leuten, die Schei\u00dfe erlebt haben und Graffiti als Ventil gefunden haben, um den Frust abzubauen, aber gleichzeitig auch genug Geld haben sich Spraydosen zu kaufen, und genug Zeit haben, dieses extrem zeitaufwendige Hobby zu verfolgen. Von diesen Menschen gibt es einfach recht wenige. So wie ich das sehe, sind die frustrierten Leute bei uns seltener Sprayer und die Sprayer seltener frustriert. Viele Graffitis in der Stadt, die eher als &#8222;Vandalismus&#8220; klassifiziert werden, sind von K\u00fcnstlern aus dem Ausland, die auch hier in Wien viel mitmischen. Die Wiener Szene selbst ist relativ klein und auch schon immer gewesen.<\/span>[\/vc_column_text][vc_empty_space][\/vc_column][\/vc_row][vc_row][vc_column width=&#8220;1\/2&#8243;]<div class=\"edgtf-single-image-holder   \">\n    <div class=\"edgtf-si-inner\" >\n                                    <img loading=\"lazy\" decoding=\"async\" width=\"1434\" height=\"1080\" src=\"https:\/\/www.urbanyte.art\/wp-content\/uploads\/2022\/09\/93930453_1669276736546866_3030217135201714176_n.jpg\" class=\"attachment-full size-full\" alt=\"\" srcset=\"https:\/\/www.urbanyte.art\/wp-content\/uploads\/2022\/09\/93930453_1669276736546866_3030217135201714176_n.jpg 1434w, https:\/\/www.urbanyte.art\/wp-content\/uploads\/2022\/09\/93930453_1669276736546866_3030217135201714176_n-300x226.jpg 300w, https:\/\/www.urbanyte.art\/wp-content\/uploads\/2022\/09\/93930453_1669276736546866_3030217135201714176_n-1024x771.jpg 1024w, https:\/\/www.urbanyte.art\/wp-content\/uploads\/2022\/09\/93930453_1669276736546866_3030217135201714176_n-768x578.jpg 768w\" sizes=\"auto, (max-width: 1434px) 100vw, 1434px\" \/>                        <\/div>\n<\/div>[vc_empty_space height=&#8220;22px&#8220;][\/vc_column][vc_column width=&#8220;1\/2&#8243;]<div class=\"edgtf-single-image-holder   \">\n    <div class=\"edgtf-si-inner\" >\n                                    <img loading=\"lazy\" decoding=\"async\" width=\"1440\" height=\"1080\" src=\"https:\/\/www.urbanyte.art\/wp-content\/uploads\/2022\/09\/259438458_292222509578394_5977311558725515219_n.jpg\" class=\"attachment-full size-full\" alt=\"\" srcset=\"https:\/\/www.urbanyte.art\/wp-content\/uploads\/2022\/09\/259438458_292222509578394_5977311558725515219_n.jpg 1440w, https:\/\/www.urbanyte.art\/wp-content\/uploads\/2022\/09\/259438458_292222509578394_5977311558725515219_n-300x225.jpg 300w, https:\/\/www.urbanyte.art\/wp-content\/uploads\/2022\/09\/259438458_292222509578394_5977311558725515219_n-1024x768.jpg 1024w, https:\/\/www.urbanyte.art\/wp-content\/uploads\/2022\/09\/259438458_292222509578394_5977311558725515219_n-768x576.jpg 768w\" sizes=\"auto, (max-width: 1440px) 100vw, 1440px\" \/>                        <\/div>\n<\/div>[vc_empty_space height=&#8220;22px&#8220;][\/vc_column][\/vc_row][vc_row][vc_column][vc_column_text]<\/p>\n<h5><b>Was ist deiner Meinung nach die Rolle des K\u00fcnstlers in der heutigen Gesellschaft?<\/b><\/h5>\n<p><span style=\"font-weight: 400;\">Die Rolle des K\u00fcnstlers, das gibt es f\u00fcr mich \u00fcberhaupt gar nicht. Ich glaube, es gibt Berufe, bei denen man das sagen kann, also es gibt eine Rolle und es ist ganz klar, was dabei rauskommen soll. Bei Kunst ist das nicht so. Obwohl ich selbst nicht so ein K\u00fcnstler bin, finde ich es sch\u00f6n, wenn Leute mit ihrer Kunst eine Botschaft transportieren. Ich mag es, wenn es subtil ist und nicht so \u201cauf die Fresse\u201d Banksy-m\u00e4\u00dfig. Ich mag es nicht, wenn es zu leicht zu konsumieren ist, obwohl ich auch verstehe, dass das f\u00fcr die breite Masse heutzutage besser funktioniert. Trotzdem ist meiner Meinung nach die Rolle des K\u00fcnstlers gar nichts, au\u00dfer Kunst zu machen. Das kann jeder machen wie er m\u00f6chte und es ist ja auch nicht zwingend an irgendwelche Ausbildungen oder Zertifikate gebunden. Und genauso ist es eben nicht definierbar. <\/span>[\/vc_column_text][vc_empty_space][\/vc_column][\/vc_row][vc_row][vc_column width=&#8220;1\/3&#8243;]<div class=\"edgtf-single-image-holder   \">\n    <div class=\"edgtf-si-inner\" >\n                                    <img loading=\"lazy\" decoding=\"async\" width=\"1440\" height=\"1210\" src=\"https:\/\/www.urbanyte.art\/wp-content\/uploads\/2022\/09\/74607591_1497595347048340_1404819876228366336_n.jpg\" class=\"attachment-full size-full\" alt=\"\" srcset=\"https:\/\/www.urbanyte.art\/wp-content\/uploads\/2022\/09\/74607591_1497595347048340_1404819876228366336_n.jpg 1440w, https:\/\/www.urbanyte.art\/wp-content\/uploads\/2022\/09\/74607591_1497595347048340_1404819876228366336_n-300x252.jpg 300w, https:\/\/www.urbanyte.art\/wp-content\/uploads\/2022\/09\/74607591_1497595347048340_1404819876228366336_n-1024x860.jpg 1024w, https:\/\/www.urbanyte.art\/wp-content\/uploads\/2022\/09\/74607591_1497595347048340_1404819876228366336_n-768x645.jpg 768w\" sizes=\"auto, (max-width: 1440px) 100vw, 1440px\" \/>                        <\/div>\n<\/div>[vc_empty_space height=&#8220;22px&#8220;][\/vc_column][vc_column width=&#8220;1\/3&#8243;]<div class=\"edgtf-single-image-holder   \">\n    <div class=\"edgtf-si-inner\" >\n                                    <img loading=\"lazy\" decoding=\"async\" width=\"1438\" height=\"1210\" src=\"https:\/\/www.urbanyte.art\/wp-content\/uploads\/2022\/09\/79495785_1551550958319445_8863964457651404800_n.jpg\" class=\"attachment-full size-full\" alt=\"\" srcset=\"https:\/\/www.urbanyte.art\/wp-content\/uploads\/2022\/09\/79495785_1551550958319445_8863964457651404800_n.jpg 1438w, https:\/\/www.urbanyte.art\/wp-content\/uploads\/2022\/09\/79495785_1551550958319445_8863964457651404800_n-300x252.jpg 300w, https:\/\/www.urbanyte.art\/wp-content\/uploads\/2022\/09\/79495785_1551550958319445_8863964457651404800_n-1024x862.jpg 1024w, https:\/\/www.urbanyte.art\/wp-content\/uploads\/2022\/09\/79495785_1551550958319445_8863964457651404800_n-768x646.jpg 768w\" sizes=\"auto, (max-width: 1438px) 100vw, 1438px\" \/>                        <\/div>\n<\/div>[vc_empty_space height=&#8220;22px&#8220;][\/vc_column][vc_column width=&#8220;1\/3&#8243;]<div class=\"edgtf-single-image-holder   \">\n    <div class=\"edgtf-si-inner\" >\n                                    <img loading=\"lazy\" decoding=\"async\" width=\"1438\" height=\"1210\" src=\"https:\/\/www.urbanyte.art\/wp-content\/uploads\/2022\/09\/skirl_fenster.jpg\" class=\"attachment-full size-full\" alt=\"\" srcset=\"https:\/\/www.urbanyte.art\/wp-content\/uploads\/2022\/09\/skirl_fenster.jpg 1438w, https:\/\/www.urbanyte.art\/wp-content\/uploads\/2022\/09\/skirl_fenster-300x252.jpg 300w, https:\/\/www.urbanyte.art\/wp-content\/uploads\/2022\/09\/skirl_fenster-1024x862.jpg 1024w, https:\/\/www.urbanyte.art\/wp-content\/uploads\/2022\/09\/skirl_fenster-768x646.jpg 768w\" sizes=\"auto, (max-width: 1438px) 100vw, 1438px\" \/>                        <\/div>\n<\/div>[vc_empty_space height=&#8220;22px&#8220;][\/vc_column][\/vc_row][vc_row][vc_column][vc_column_text]<\/p>\n<h5><b>Spielt f\u00fcr dich die digitale Dimension, im Sinne von NFTs eine Rolle?\u00a0<\/b><\/h5>\n<p><span style=\"font-weight: 400;\">Ehrlich gesagt, ich bin froh, wenn ich mein Handy ein- und ausschalten kann. Auf der anderen Seite habe ich sehr gute Freunde, auch in anderen L\u00e4ndern, die sehr fr\u00fch in den NFT-Bereich eingestiegen sind, wodurch ich von Anfang an wusste, worum es geht und das Potenzial sehe. Ich \u00e4rger mich manchmal auch, dass ich nicht etwas fr\u00fcher eingestiegen bin, muss aber sagen, dass eine W\u00e4hrung, die so viel Energie braucht, um bestehen zu k\u00f6nnen und sicher zu sein, uns alle viel kostet, wenn du verstehst, was ich meine. Das ist mir unsympathisch, solange keine L\u00f6sung gefunden wird, eine W\u00e4hrungsreform durchzuf\u00fchren, ohne dauerhaft Energie zu brauchen. Wenn die NFT-Technologie eine Effizienzsteigerung vollzieht, wie es viele andere Dinge in der Vergangenheit getan haben, um genauer zu sein ums tausendfache in circa zehn Jahren wie zum Beispiel Computerchips, dann k\u00f6nnen wir gerne nochmal dar\u00fcber reden.<\/span>[\/vc_column_text][vc_empty_space][\/vc_column][\/vc_row][vc_row][vc_column width=&#8220;1\/2&#8243;]<div class=\"edgtf-single-image-holder   \">\n    <div class=\"edgtf-si-inner\" >\n                                    <img loading=\"lazy\" decoding=\"async\" width=\"1600\" height=\"1600\" src=\"https:\/\/www.urbanyte.art\/wp-content\/uploads\/2022\/09\/20423883_946829082124972_7234580328832196733_o.jpg\" class=\"attachment-full size-full\" alt=\"\" srcset=\"https:\/\/www.urbanyte.art\/wp-content\/uploads\/2022\/09\/20423883_946829082124972_7234580328832196733_o.jpg 1600w, https:\/\/www.urbanyte.art\/wp-content\/uploads\/2022\/09\/20423883_946829082124972_7234580328832196733_o-300x300.jpg 300w, https:\/\/www.urbanyte.art\/wp-content\/uploads\/2022\/09\/20423883_946829082124972_7234580328832196733_o-1024x1024.jpg 1024w, https:\/\/www.urbanyte.art\/wp-content\/uploads\/2022\/09\/20423883_946829082124972_7234580328832196733_o-150x150.jpg 150w, https:\/\/www.urbanyte.art\/wp-content\/uploads\/2022\/09\/20423883_946829082124972_7234580328832196733_o-768x768.jpg 768w, https:\/\/www.urbanyte.art\/wp-content\/uploads\/2022\/09\/20423883_946829082124972_7234580328832196733_o-1536x1536.jpg 1536w, https:\/\/www.urbanyte.art\/wp-content\/uploads\/2022\/09\/20423883_946829082124972_7234580328832196733_o-650x650.jpg 650w, https:\/\/www.urbanyte.art\/wp-content\/uploads\/2022\/09\/20423883_946829082124972_7234580328832196733_o-1300x1300.jpg 1300w\" sizes=\"auto, (max-width: 1600px) 100vw, 1600px\" \/>                        <\/div>\n<\/div>[vc_empty_space height=&#8220;22px&#8220;][\/vc_column][vc_column width=&#8220;1\/2&#8243;]<div class=\"edgtf-single-image-holder   \">\n    <div class=\"edgtf-si-inner\" >\n                                    <img loading=\"lazy\" decoding=\"async\" width=\"1600\" height=\"1600\" src=\"https:\/\/www.urbanyte.art\/wp-content\/uploads\/2022\/09\/34730465_1111487125659166_7573227223566516224_n.jpg\" class=\"attachment-full size-full\" alt=\"\" srcset=\"https:\/\/www.urbanyte.art\/wp-content\/uploads\/2022\/09\/34730465_1111487125659166_7573227223566516224_n.jpg 1600w, https:\/\/www.urbanyte.art\/wp-content\/uploads\/2022\/09\/34730465_1111487125659166_7573227223566516224_n-300x300.jpg 300w, https:\/\/www.urbanyte.art\/wp-content\/uploads\/2022\/09\/34730465_1111487125659166_7573227223566516224_n-1024x1024.jpg 1024w, https:\/\/www.urbanyte.art\/wp-content\/uploads\/2022\/09\/34730465_1111487125659166_7573227223566516224_n-150x150.jpg 150w, https:\/\/www.urbanyte.art\/wp-content\/uploads\/2022\/09\/34730465_1111487125659166_7573227223566516224_n-768x768.jpg 768w, https:\/\/www.urbanyte.art\/wp-content\/uploads\/2022\/09\/34730465_1111487125659166_7573227223566516224_n-1536x1536.jpg 1536w, https:\/\/www.urbanyte.art\/wp-content\/uploads\/2022\/09\/34730465_1111487125659166_7573227223566516224_n-650x650.jpg 650w, https:\/\/www.urbanyte.art\/wp-content\/uploads\/2022\/09\/34730465_1111487125659166_7573227223566516224_n-1300x1300.jpg 1300w\" sizes=\"auto, (max-width: 1600px) 100vw, 1600px\" \/>                        <\/div>\n<\/div>[vc_empty_space height=&#8220;22px&#8220;][\/vc_column][\/vc_row][vc_row][vc_column][vc_column_text]<\/p>\n<h5><b>Woran arbeitest du aktuell? Ideen, Pl\u00e4ne, Tr\u00e4ume f\u00fcr die Zukunft?\u00a0<\/b><\/h5>\n<p><span style=\"font-weight: 400;\">Ich habe eine relativ turbulente Zeit hinter mir, die letzten 12-14 Monate waren ziemlich heftig, mit vielen Auf und Abs und scharfen Kurven, das hei\u00dft ich habe mich jetzt neu orientieren m\u00fcssen, habe mit depressionsartigen Zust\u00e4nden zu k\u00e4mpfen gehabt und dadurch viel aus dem Archiv heraus gezeigt und verkauft und an relativ wenigen Projekten teilgenommen. Das \u00e4ndert sich gerade alles wieder, ich war die letzten Monate viel unterwegs und versuche jetzt ein neues Kapitel aufzuschlagen, Sachen zu optimieren und anders zu machen. Ich arbeite an neuen Werkzeugen, die noch besser funktionieren und die \u00c4sthetik, die ich darstellen will, noch besser transportieren k\u00f6nnen. Ich habe einen neuen Studioraum, den ich gerade einrichte und dann versuche Schritt f\u00fcr Schritt zu etablieren. Und ich habe ganz viele Projekte, die aktuell in dieser Pre-Phase sind, in der man bespricht, was theoretisch m\u00f6glich w\u00e4re und wie man kollaborieren k\u00f6nnte, bei denen viele spannende Sachen dabei sind, auf die ich mich sehr freue, auch wenn es aus vielerlei Gr\u00fcnden nie alle aus der Pre-Phase in die Umsetzung schaffen. Ich m\u00f6chte in Zukunft gerne mehr mit der Textilbranche arbeiten, weil da ganz tolle Projekte m\u00f6glich sind und mein Stil und meine Arbeiten toll transportiert werden k\u00f6nnen. Auch gewisse Haushaltsgegenst\u00e4nde, sei es Bettw\u00e4sche, Keramik, Blument\u00f6pfe, oder Gesellschaftsspiele. Einfache Sachen, die jeder gebrauchen kann und die ich gerne gestalten w\u00fcrde. Fr\u00fcher wollte ich immer gro\u00dfe W\u00e4nde anmalen, ein klassischer Mural-Artist sein, aber mittlerweile hat sich das in eine andere Richtung entwickelt und auch die kleineren Dinge machen mir viel Spa\u00df. Man darf gespannt sein.<\/span>[\/vc_column_text][vc_empty_space][\/vc_column][\/vc_row][vc_row][vc_column]<div class=\"edgtf-single-image-holder   \">\n    <div class=\"edgtf-si-inner\" >\n                                    <img loading=\"lazy\" decoding=\"async\" width=\"1440\" height=\"1102\" src=\"https:\/\/www.urbanyte.art\/wp-content\/uploads\/2022\/09\/118472232_1794089814065557_4970845242020091624_n-Kopie.jpg\" class=\"attachment-full size-full\" alt=\"\" srcset=\"https:\/\/www.urbanyte.art\/wp-content\/uploads\/2022\/09\/118472232_1794089814065557_4970845242020091624_n-Kopie.jpg 1440w, https:\/\/www.urbanyte.art\/wp-content\/uploads\/2022\/09\/118472232_1794089814065557_4970845242020091624_n-Kopie-300x230.jpg 300w, https:\/\/www.urbanyte.art\/wp-content\/uploads\/2022\/09\/118472232_1794089814065557_4970845242020091624_n-Kopie-1024x784.jpg 1024w, https:\/\/www.urbanyte.art\/wp-content\/uploads\/2022\/09\/118472232_1794089814065557_4970845242020091624_n-Kopie-768x588.jpg 768w\" sizes=\"auto, (max-width: 1440px) 100vw, 1440px\" \/>                        <\/div>\n<\/div>[vc_empty_space height=&#8220;22px&#8220;][\/vc_column][\/vc_row][vc_row][vc_column css=&#8220;.vc_custom_1605308793996{margin-top: 32px !important;}&#8220;][vc_column_text]<strong>MANUEL SKIRL<\/strong><\/p>\n<p><span style=\"font-weight: 400;\">Wien, \u00d6sterreich<\/span><\/p>\n<p>Website <strong><a href=\"http:\/\/manuelskirl.com\/\" target=\"_blank\" rel=\"noopener\">manuelskirl.com<\/a><\/strong><\/p>\n<p>Instagram <a href=\"https:\/\/www.instagram.com\/sskirl\/\" target=\"_blank\" rel=\"noopener\"><strong>sskirl<\/strong><\/a><\/p>\n<p>Facebook <a href=\"https:\/\/www.facebook.com\/manuelskirl\/\" target=\"_blank\" rel=\"noopener\"><strong>manuelskirl<\/strong><b>\u00a0<\/b><\/a>[\/vc_column_text][\/vc_column][\/vc_row][vc_row css=&#8220;.vc_custom_1605313463281{margin-top: 5px !important;border-top-width: 20px !important;}&#8220;][vc_column][vc_column_text]_______________________________________<\/p>\n<p>&nbsp;<\/p>\n<p><span style=\"color: #333333;\">Pictures \u00a9 Manuel Skirl<\/span><\/p>\n<p>&nbsp;<\/p>\n<p>September 2022<\/p>\n<p>by Laura Vetter[\/vc_column_text][\/vc_column][\/vc_row]<\/p>\n<\/section>","protected":false},"excerpt":{"rendered":"<p>Interview mit dem Wiener K\u00fcnstler Manuel Skirl: &#8222;Ich glaube ich habe mir und anderen erst zeigen m\u00fcssen, dass ich genauso gute Graffiti auf die Stra\u00dfen bringen kann wie alle anderen, um dann festzustellen, dass ich eigentlich etwas ganz anderes machen m\u00f6chte. Und dann habe ich dem ganzen freien Lauf gelassen, ohne andere Meinungen oder Erwartungen zu ber\u00fccksichtigen und mich ganz darauf fokussiert, was mich gl\u00fccklich macht und wie ich es mir vorstelle.&#8220;<\/p>\n","protected":false},"author":1,"featured_media":9595,"comment_status":"open","ping_status":"open","sticky":false,"template":"","format":"standard","meta":{"_mi_skip_tracking":false,"footnotes":""},"categories":[122],"tags":[],"class_list":["post-9587","post","type-post","status-publish","format-standard","has-post-thumbnail","hentry","category-urban-talks-de-2"],"yoast_head":"<!-- This site is optimized with the Yoast SEO plugin v20.6 - https:\/\/yoast.com\/wordpress\/plugins\/seo\/ -->\n<title>URBAN.TALKS - SKIRL - URBANYTE<\/title>\n<meta name=\"description\" content=\"Interview mit dem Wiener K\u00fcnstler Manuel Skirl: &quot;Ich glaube ich habe mir und anderen erst zeigen m\u00fcssen, dass ich genauso gute Graffiti auf die Stra\u00dfen bringen kann wie alle anderen, um dann festzustellen, dass ich eigentlich etwas ganz anderes machen m\u00f6chte. Und dann habe ich dem ganzen freien Lauf gelassen, ohne andere Meinungen oder Erwartungen zu ber\u00fccksichtigen und mich ganz darauf fokussiert, was mich gl\u00fccklich macht und wie ich es mir vorstelle.&quot;\" \/>\n<meta name=\"robots\" content=\"index, follow, max-snippet:-1, max-image-preview:large, max-video-preview:-1\" \/>\n<link rel=\"canonical\" href=\"https:\/\/www.urbanyte.art\/de\/skirl\/\" \/>\n<meta property=\"og:locale\" content=\"de_DE\" \/>\n<meta property=\"og:type\" content=\"article\" \/>\n<meta property=\"og:title\" content=\"URBAN.TALKS - SKIRL - URBANYTE\" \/>\n<meta property=\"og:description\" content=\"Interview mit dem Wiener K\u00fcnstler Manuel Skirl: &quot;Ich glaube ich habe mir und anderen erst zeigen m\u00fcssen, dass ich genauso gute Graffiti auf die Stra\u00dfen bringen kann wie alle anderen, um dann festzustellen, dass ich eigentlich etwas ganz anderes machen m\u00f6chte. Und dann habe ich dem ganzen freien Lauf gelassen, ohne andere Meinungen oder Erwartungen zu ber\u00fccksichtigen und mich ganz darauf fokussiert, was mich gl\u00fccklich macht und wie ich es mir vorstelle.&quot;\" \/>\n<meta property=\"og:url\" content=\"https:\/\/www.urbanyte.art\/de\/skirl\/\" \/>\n<meta property=\"og:site_name\" content=\"URBANYTE\" \/>\n<meta property=\"article:publisher\" content=\"https:\/\/www.facebook.com\/urbanyte.art\" \/>\n<meta property=\"article:author\" content=\"https:\/\/www.facebook.com\/urbanyte.art\/\" \/>\n<meta property=\"article:published_time\" content=\"2022-09-15T13:00:03+00:00\" \/>\n<meta property=\"article:modified_time\" content=\"2022-09-19T11:28:03+00:00\" \/>\n<meta property=\"og:image\" content=\"https:\/\/www.urbanyte.art\/wp-content\/uploads\/2022\/09\/Feature-Header-Manuel-SKIRL.jpg\" \/>\n\t<meta property=\"og:image:width\" content=\"1950\" \/>\n\t<meta property=\"og:image:height\" content=\"1095\" \/>\n\t<meta property=\"og:image:type\" content=\"image\/jpeg\" \/>\n<meta name=\"author\" content=\"URBANYTE\" \/>\n<meta name=\"twitter:card\" content=\"summary_large_image\" \/>\n<meta name=\"twitter:label1\" content=\"Verfasst von\" \/>\n\t<meta name=\"twitter:data1\" content=\"URBANYTE\" \/>\n\t<meta name=\"twitter:label2\" content=\"Gesch\u00e4tzte Lesezeit\" \/>\n\t<meta name=\"twitter:data2\" content=\"14\u00a0Minuten\" \/>\n<script type=\"application\/ld+json\" class=\"yoast-schema-graph\">{\"@context\":\"https:\/\/schema.org\",\"@graph\":[{\"@type\":\"Article\",\"@id\":\"https:\/\/www.urbanyte.art\/de\/skirl\/#article\",\"isPartOf\":{\"@id\":\"https:\/\/www.urbanyte.art\/de\/skirl\/\"},\"author\":{\"name\":\"URBANYTE\",\"@id\":\"https:\/\/www.urbanyte.art\/de\/#\/schema\/person\/cba1493b26e05acb123c4aff893f31b3\"},\"headline\":\"SKIRL\",\"datePublished\":\"2022-09-15T13:00:03+00:00\",\"dateModified\":\"2022-09-19T11:28:03+00:00\",\"mainEntityOfPage\":{\"@id\":\"https:\/\/www.urbanyte.art\/de\/skirl\/\"},\"wordCount\":4268,\"commentCount\":0,\"publisher\":{\"@id\":\"https:\/\/www.urbanyte.art\/de\/#organization\"},\"articleSection\":[\"URBAN.TALKS\"],\"inLanguage\":\"de\",\"potentialAction\":[{\"@type\":\"CommentAction\",\"name\":\"Comment\",\"target\":[\"https:\/\/www.urbanyte.art\/de\/skirl\/#respond\"]}]},{\"@type\":\"WebPage\",\"@id\":\"https:\/\/www.urbanyte.art\/de\/skirl\/\",\"url\":\"https:\/\/www.urbanyte.art\/de\/skirl\/\",\"name\":\"URBAN.TALKS - SKIRL - URBANYTE\",\"isPartOf\":{\"@id\":\"https:\/\/www.urbanyte.art\/de\/#website\"},\"datePublished\":\"2022-09-15T13:00:03+00:00\",\"dateModified\":\"2022-09-19T11:28:03+00:00\",\"description\":\"Interview mit dem Wiener K\u00fcnstler Manuel Skirl: \\\"Ich glaube ich habe mir und anderen erst zeigen m\u00fcssen, dass ich genauso gute Graffiti auf die Stra\u00dfen bringen kann wie alle anderen, um dann festzustellen, dass ich eigentlich etwas ganz anderes machen m\u00f6chte. Und dann habe ich dem ganzen freien Lauf gelassen, ohne andere Meinungen oder Erwartungen zu ber\u00fccksichtigen und mich ganz darauf fokussiert, was mich gl\u00fccklich macht und wie ich es mir vorstelle.\\\"\",\"breadcrumb\":{\"@id\":\"https:\/\/www.urbanyte.art\/de\/skirl\/#breadcrumb\"},\"inLanguage\":\"de\",\"potentialAction\":[{\"@type\":\"ReadAction\",\"target\":[\"https:\/\/www.urbanyte.art\/de\/skirl\/\"]}]},{\"@type\":\"BreadcrumbList\",\"@id\":\"https:\/\/www.urbanyte.art\/de\/skirl\/#breadcrumb\",\"itemListElement\":[{\"@type\":\"ListItem\",\"position\":1,\"name\":\"Home\",\"item\":\"https:\/\/www.urbanyte.art\/de\/\"},{\"@type\":\"ListItem\",\"position\":2,\"name\":\"SKIRL\"}]},{\"@type\":\"WebSite\",\"@id\":\"https:\/\/www.urbanyte.art\/de\/#website\",\"url\":\"https:\/\/www.urbanyte.art\/de\/\",\"name\":\"URBANYTE\",\"description\":\"urban and independent contemporary art\",\"publisher\":{\"@id\":\"https:\/\/www.urbanyte.art\/de\/#organization\"},\"potentialAction\":[{\"@type\":\"SearchAction\",\"target\":{\"@type\":\"EntryPoint\",\"urlTemplate\":\"https:\/\/www.urbanyte.art\/de\/?s={search_term_string}\"},\"query-input\":\"required name=search_term_string\"}],\"inLanguage\":\"de\"},{\"@type\":\"Organization\",\"@id\":\"https:\/\/www.urbanyte.art\/de\/#organization\",\"name\":\"URBANYTE\",\"url\":\"https:\/\/www.urbanyte.art\/de\/\",\"logo\":{\"@type\":\"ImageObject\",\"inLanguage\":\"de\",\"@id\":\"https:\/\/www.urbanyte.art\/de\/#\/schema\/logo\/image\/\",\"url\":\"https:\/\/www.urbanyte.art\/wp-content\/uploads\/2020\/11\/URBANYTE_padded_logo.png\",\"contentUrl\":\"https:\/\/www.urbanyte.art\/wp-content\/uploads\/2020\/11\/URBANYTE_padded_logo.png\",\"width\":512,\"height\":512,\"caption\":\"URBANYTE\"},\"image\":{\"@id\":\"https:\/\/www.urbanyte.art\/de\/#\/schema\/logo\/image\/\"},\"sameAs\":[\"https:\/\/www.facebook.com\/urbanyte.art\",\"https:\/\/www.instagram.com\/urbanyte.art\/\",\"https:\/\/www.linkedin.com\/company\/urbanyte\"]},{\"@type\":\"Person\",\"@id\":\"https:\/\/www.urbanyte.art\/de\/#\/schema\/person\/cba1493b26e05acb123c4aff893f31b3\",\"name\":\"URBANYTE\",\"image\":{\"@type\":\"ImageObject\",\"inLanguage\":\"de\",\"@id\":\"https:\/\/www.urbanyte.art\/de\/#\/schema\/person\/image\/\",\"url\":\"https:\/\/secure.gravatar.com\/avatar\/2766a446626d719d2a44e941c3e107ef951bdb15674ed9d7f5b897068d8157ac?s=96&d=mm&r=g\",\"contentUrl\":\"https:\/\/secure.gravatar.com\/avatar\/2766a446626d719d2a44e941c3e107ef951bdb15674ed9d7f5b897068d8157ac?s=96&d=mm&r=g\",\"caption\":\"URBANYTE\"},\"sameAs\":[\"http:\/\/www.urbanyte.art\",\"https:\/\/www.facebook.com\/urbanyte.art\/\",\"https:\/\/www.instagram.com\/urbanyte.art\/\",\"https:\/\/www.linkedin.com\/company\/urbanyte\"]}]}<\/script>\n<!-- \/ Yoast SEO plugin. -->","yoast_head_json":{"title":"URBAN.TALKS - SKIRL - URBANYTE","description":"Interview mit dem Wiener K\u00fcnstler Manuel Skirl: \"Ich glaube ich habe mir und anderen erst zeigen m\u00fcssen, dass ich genauso gute Graffiti auf die Stra\u00dfen bringen kann wie alle anderen, um dann festzustellen, dass ich eigentlich etwas ganz anderes machen m\u00f6chte. Und dann habe ich dem ganzen freien Lauf gelassen, ohne andere Meinungen oder Erwartungen zu ber\u00fccksichtigen und mich ganz darauf fokussiert, was mich gl\u00fccklich macht und wie ich es mir vorstelle.\"","robots":{"index":"index","follow":"follow","max-snippet":"max-snippet:-1","max-image-preview":"max-image-preview:large","max-video-preview":"max-video-preview:-1"},"canonical":"https:\/\/www.urbanyte.art\/de\/skirl\/","og_locale":"de_DE","og_type":"article","og_title":"URBAN.TALKS - SKIRL - URBANYTE","og_description":"Interview mit dem Wiener K\u00fcnstler Manuel Skirl: \"Ich glaube ich habe mir und anderen erst zeigen m\u00fcssen, dass ich genauso gute Graffiti auf die Stra\u00dfen bringen kann wie alle anderen, um dann festzustellen, dass ich eigentlich etwas ganz anderes machen m\u00f6chte. Und dann habe ich dem ganzen freien Lauf gelassen, ohne andere Meinungen oder Erwartungen zu ber\u00fccksichtigen und mich ganz darauf fokussiert, was mich gl\u00fccklich macht und wie ich es mir vorstelle.\"","og_url":"https:\/\/www.urbanyte.art\/de\/skirl\/","og_site_name":"URBANYTE","article_publisher":"https:\/\/www.facebook.com\/urbanyte.art","article_author":"https:\/\/www.facebook.com\/urbanyte.art\/","article_published_time":"2022-09-15T13:00:03+00:00","article_modified_time":"2022-09-19T11:28:03+00:00","og_image":[{"width":1950,"height":1095,"url":"https:\/\/www.urbanyte.art\/wp-content\/uploads\/2022\/09\/Feature-Header-Manuel-SKIRL.jpg","type":"image\/jpeg"}],"author":"URBANYTE","twitter_card":"summary_large_image","twitter_misc":{"Verfasst von":"URBANYTE","Gesch\u00e4tzte Lesezeit":"14\u00a0Minuten"},"schema":{"@context":"https:\/\/schema.org","@graph":[{"@type":"Article","@id":"https:\/\/www.urbanyte.art\/de\/skirl\/#article","isPartOf":{"@id":"https:\/\/www.urbanyte.art\/de\/skirl\/"},"author":{"name":"URBANYTE","@id":"https:\/\/www.urbanyte.art\/de\/#\/schema\/person\/cba1493b26e05acb123c4aff893f31b3"},"headline":"SKIRL","datePublished":"2022-09-15T13:00:03+00:00","dateModified":"2022-09-19T11:28:03+00:00","mainEntityOfPage":{"@id":"https:\/\/www.urbanyte.art\/de\/skirl\/"},"wordCount":4268,"commentCount":0,"publisher":{"@id":"https:\/\/www.urbanyte.art\/de\/#organization"},"articleSection":["URBAN.TALKS"],"inLanguage":"de","potentialAction":[{"@type":"CommentAction","name":"Comment","target":["https:\/\/www.urbanyte.art\/de\/skirl\/#respond"]}]},{"@type":"WebPage","@id":"https:\/\/www.urbanyte.art\/de\/skirl\/","url":"https:\/\/www.urbanyte.art\/de\/skirl\/","name":"URBAN.TALKS - SKIRL - URBANYTE","isPartOf":{"@id":"https:\/\/www.urbanyte.art\/de\/#website"},"datePublished":"2022-09-15T13:00:03+00:00","dateModified":"2022-09-19T11:28:03+00:00","description":"Interview mit dem Wiener K\u00fcnstler Manuel Skirl: \"Ich glaube ich habe mir und anderen erst zeigen m\u00fcssen, dass ich genauso gute Graffiti auf die Stra\u00dfen bringen kann wie alle anderen, um dann festzustellen, dass ich eigentlich etwas ganz anderes machen m\u00f6chte. Und dann habe ich dem ganzen freien Lauf gelassen, ohne andere Meinungen oder Erwartungen zu ber\u00fccksichtigen und mich ganz darauf fokussiert, was mich gl\u00fccklich macht und wie ich es mir vorstelle.\"","breadcrumb":{"@id":"https:\/\/www.urbanyte.art\/de\/skirl\/#breadcrumb"},"inLanguage":"de","potentialAction":[{"@type":"ReadAction","target":["https:\/\/www.urbanyte.art\/de\/skirl\/"]}]},{"@type":"BreadcrumbList","@id":"https:\/\/www.urbanyte.art\/de\/skirl\/#breadcrumb","itemListElement":[{"@type":"ListItem","position":1,"name":"Home","item":"https:\/\/www.urbanyte.art\/de\/"},{"@type":"ListItem","position":2,"name":"SKIRL"}]},{"@type":"WebSite","@id":"https:\/\/www.urbanyte.art\/de\/#website","url":"https:\/\/www.urbanyte.art\/de\/","name":"URBANYTE","description":"urban and independent contemporary art","publisher":{"@id":"https:\/\/www.urbanyte.art\/de\/#organization"},"potentialAction":[{"@type":"SearchAction","target":{"@type":"EntryPoint","urlTemplate":"https:\/\/www.urbanyte.art\/de\/?s={search_term_string}"},"query-input":"required name=search_term_string"}],"inLanguage":"de"},{"@type":"Organization","@id":"https:\/\/www.urbanyte.art\/de\/#organization","name":"URBANYTE","url":"https:\/\/www.urbanyte.art\/de\/","logo":{"@type":"ImageObject","inLanguage":"de","@id":"https:\/\/www.urbanyte.art\/de\/#\/schema\/logo\/image\/","url":"https:\/\/www.urbanyte.art\/wp-content\/uploads\/2020\/11\/URBANYTE_padded_logo.png","contentUrl":"https:\/\/www.urbanyte.art\/wp-content\/uploads\/2020\/11\/URBANYTE_padded_logo.png","width":512,"height":512,"caption":"URBANYTE"},"image":{"@id":"https:\/\/www.urbanyte.art\/de\/#\/schema\/logo\/image\/"},"sameAs":["https:\/\/www.facebook.com\/urbanyte.art","https:\/\/www.instagram.com\/urbanyte.art\/","https:\/\/www.linkedin.com\/company\/urbanyte"]},{"@type":"Person","@id":"https:\/\/www.urbanyte.art\/de\/#\/schema\/person\/cba1493b26e05acb123c4aff893f31b3","name":"URBANYTE","image":{"@type":"ImageObject","inLanguage":"de","@id":"https:\/\/www.urbanyte.art\/de\/#\/schema\/person\/image\/","url":"https:\/\/secure.gravatar.com\/avatar\/2766a446626d719d2a44e941c3e107ef951bdb15674ed9d7f5b897068d8157ac?s=96&d=mm&r=g","contentUrl":"https:\/\/secure.gravatar.com\/avatar\/2766a446626d719d2a44e941c3e107ef951bdb15674ed9d7f5b897068d8157ac?s=96&d=mm&r=g","caption":"URBANYTE"},"sameAs":["http:\/\/www.urbanyte.art","https:\/\/www.facebook.com\/urbanyte.art\/","https:\/\/www.instagram.com\/urbanyte.art\/","https:\/\/www.linkedin.com\/company\/urbanyte"]}]}},"_links":{"self":[{"href":"https:\/\/www.urbanyte.art\/de\/wp-json\/wp\/v2\/posts\/9587","targetHints":{"allow":["GET"]}}],"collection":[{"href":"https:\/\/www.urbanyte.art\/de\/wp-json\/wp\/v2\/posts"}],"about":[{"href":"https:\/\/www.urbanyte.art\/de\/wp-json\/wp\/v2\/types\/post"}],"author":[{"embeddable":true,"href":"https:\/\/www.urbanyte.art\/de\/wp-json\/wp\/v2\/users\/1"}],"replies":[{"embeddable":true,"href":"https:\/\/www.urbanyte.art\/de\/wp-json\/wp\/v2\/comments?post=9587"}],"version-history":[{"count":14,"href":"https:\/\/www.urbanyte.art\/de\/wp-json\/wp\/v2\/posts\/9587\/revisions"}],"predecessor-version":[{"id":9739,"href":"https:\/\/www.urbanyte.art\/de\/wp-json\/wp\/v2\/posts\/9587\/revisions\/9739"}],"wp:featuredmedia":[{"embeddable":true,"href":"https:\/\/www.urbanyte.art\/de\/wp-json\/wp\/v2\/media\/9595"}],"wp:attachment":[{"href":"https:\/\/www.urbanyte.art\/de\/wp-json\/wp\/v2\/media?parent=9587"}],"wp:term":[{"taxonomy":"category","embeddable":true,"href":"https:\/\/www.urbanyte.art\/de\/wp-json\/wp\/v2\/categories?post=9587"},{"taxonomy":"post_tag","embeddable":true,"href":"https:\/\/www.urbanyte.art\/de\/wp-json\/wp\/v2\/tags?post=9587"}],"curies":[{"name":"wp","href":"https:\/\/api.w.org\/{rel}","templated":true}]}}