{"id":5030,"date":"2020-12-12T00:00:41","date_gmt":"2020-12-11T23:00:41","guid":{"rendered":"http:\/\/www.urbanyte.art\/street-poetry\/"},"modified":"2020-12-11T12:01:22","modified_gmt":"2020-12-11T11:01:22","slug":"street-poetry","status":"publish","type":"post","link":"https:\/\/www.urbanyte.art\/it\/street-poetry\/","title":{"rendered":"POESIA DI STRADA"},"content":{"rendered":"<section class=\"wpb-content-wrapper\"><p>[vc_row equal_height=&#8221;yes&#8221;][vc_column css=&#8221;.vc_custom_1605370146551{border-bottom-width: 5px !important;padding-bottom: 5px !important;}&#8221;][vc_column_text]<\/p>\n<h4><b>Come parole, immagini e fantasia hanno trasformato il quartiere del Trullo a Roma.<\/b><\/h4>\n<p>[\/vc_column_text][\/vc_column][\/vc_row][vc_row][vc_column css=&#8221;.vc_custom_1605308793996{margin-top: 32px !important;}&#8221;][vc_column_text]<span style=\"font-weight: 400;\">Se si prende il non trascurabile percorso dal centro di Roma verso uno dei suoi sobborghi pi\u00f9 periferici, il &#8220;Trullo&#8221;, un sobborgo a sud-ovest della citt\u00e0\u00a0 tra Magliana e Portuense, si pu\u00f2 essere sorpresi di scoprire che questo quartiere d\u00e0 ancora l&#8217;impressione di essere una piccola citt\u00e0 a s\u00e9 stante. Sulla strada principale gli anziani si siedono sulle panchine, i giovani si incontrano al bar, la gente si saluta, si conosce e sembra che ci sia un sentimento di solidariet\u00e0 e di vicinanza, che raramente si trova nei grandi centri urbani.<\/span><\/p>\n<p>&nbsp;<\/p>\n<p><span style=\"font-weight: 400;\">Il quartiere nacque intorno al 1917 in una zona rurale e durante il regime fascista vi furono costruite pi\u00f9 di 300 unit\u00e0 abitative, destinate ai cittadini del rione Monti che furono espulsi per la costruzione della via dei Fori Imperiali e ai coloni italiani ritornati dal Nord Africa. Oggi \u00e8 ben collegata al resto della citt\u00e0, ma ancora separata dal centro di Roma da una riserva naturale utilizzata per scopi agricoli. Di conseguenza, il quartiere si \u00e8 sviluppato secondo regole urbane e sociali pi\u00f9 simili a quelle del paese rispetto a quelle tipiche della periferia di una grande citt\u00e0.\u00a0<\/span><\/p>\n<p>&nbsp;<\/p>\n<p><span style=\"font-weight: 400;\">Tuttavia, il Trullo era ed \u00e8 in parte anche un luogo di molti problemi sociali, di disoccupazione e di criminalit\u00e0. Ancora caratterizzato dagli edifici nello stile degli anni &#8217;50, il quartiere appare in parte trascurato e tetro per la mancanza di manutenzione comunale. Un&#8217;iniziativa, guidata e sostenuta dalla comunit\u00e0 locale, si era posta l&#8217;obiettivo di contrastare questo fenomeno e di riqualificare artisticamente il suo quartiere: attraverso l&#8217;arte di strada e la poesia di strada. Pitture murali e versi insieme, che raccontano una storia forte, traendo ispirazione dalla vita quotidiana del quartiere.<\/span><\/p>\n<p>&nbsp;<\/p>\n<p><span style=\"font-weight: 400;\">Con l&#8217;obiettivo di riqualificare la citt\u00e0, creare collegamenti con e tra le persone e creare insieme un museo all&#8217;aperto, la terza edizione del <\/span><b>Festival Internazionale di Poesia di Strada<\/b><span style=\"font-weight: 400;\"> si \u00e8 svolta nel quartiere romano di Trullo nell&#8217;ottobre 2015, dopo Milano (2013) e Genova (2014).<\/span><\/p>\n<p>&nbsp;<\/p>\n<p><span style=\"font-weight: 400;\">Organizzati dai <\/span><a href=\"https:\/\/www.facebook.com\/ipoetidertrullo\/\"><span style=\"font-weight: 400;\">Poeti der Trullo<\/span><\/a><span style=\"font-weight: 400;\">, Poesia Pop Corn, <\/span><a href=\"https:\/\/www.instagram.com\/flaviosolo\/\"><span style=\"font-weight: 400;\">Solo<\/span><\/a><span style=\"font-weight: 400;\">, i <\/span><a href=\"https:\/\/www.facebook.com\/Pittori-Anonimi-Trullo-1475527179342965\/\"><span style=\"font-weight: 400;\">Pittori Anonimi del Trullo<\/span><\/a><span style=\"font-weight: 400;\"> e con il sostegno del Comune, sono stati invitati a partecipare alcuni dei pi\u00f9 importanti poeti di strada di tutta Italia che, insieme ad artisti di strada della scena romana e non solo, hanno realizzato una serie di opere d&#8217;arte urbana in diversi luoghi del Trullo. Sotto il tema del festival &#8220;i Viandanti&#8221;, destinato a tutti coloro che credono in un&#8217;alternativa positiva, i muri delle case e le persiane sono stati ridisegnati con poesia e arte. Per la prima volta, in Italia, la poesia di strada ha incontrato la street art in un evento di queste dimensioni.<\/span><\/p>\n<p>&nbsp;<\/p>\n<p><span style=\"font-weight: 400;\">Ci\u00f2 che ha spinto i pennelli del locale <\/span><a href=\"https:\/\/www.facebook.com\/Pittori-Anonimi-Trullo-1475527179342965\/\"><b>Pittori Anonimi del Trullo<\/b><\/a><span style=\"font-weight: 400;\"> \u00e8 stato il desiderio di cambiare le strade in cui vivono, per renderle pi\u00f9 belle per tutti, anche per chi \u00e8 di passaggio; e per offrire agli abitanti un&#8217;alternativa al desiderio di fuggire altrove.\u00a0<\/span><\/p>\n<p>&nbsp;<\/p>\n<p><span style=\"font-weight: 400;\">Molti altri artisti di strada hanno creato opere d&#8217;arte suggestive, ricche di espressivit\u00e0 e di forza narrativa, che danno un nuovo volto e una nuova vitalit\u00e0 al quartiere un tempo malandato. Tra questi Bol23, Diamond, Gomez, GRNDR, Marco Tarascio\/Moby Dick, Marcy, Klevra, Piger, Solo, Sugar Kane e molti altri.<\/span><\/p>\n<p>&nbsp;<\/p>\n<p><span style=\"font-weight: 400;\">Il lavoro degli artisti di strada si mescolava con l&#8217;altra anima del trullo, le storie e la vita dei <\/span><a href=\"https:\/\/www.facebook.com\/ipoetidertrullo\/\"><b>Poeti der Trullo<\/b><\/a><span style=\"font-weight: 400;\">. Un gruppo di giovani che, per definirsi, hanno creato il neologismo &#8220;MetroRomanticismo&#8221; e definito questo movimento poetico nel loro <\/span><a href=\"https:\/\/www.poetidertrullo.it\/metroromanticismo\/\"><span style=\"font-weight: 400;\">manifesto<\/span><\/a><span style=\"font-weight: 400;\">. Un movimento che parte dal basso, dal quartiere, dalla gente, dalla semplicit\u00e0 e complessit\u00e0 della loro vita quotidiana. Per loro, la poesia \u00e8 un modo di guardare il mondo, non di raccontarlo. \u00c8 piuttosto un approccio poetico alla vita, un dialogo costante con le persone, i sentimenti, gli eventi e i simboli del quartiere e della citt\u00e0, per coglierne le sfumature nascoste e il messaggio interiore. Infatti, nelle loro parole in parte sarcastiche, in parte nostalgiche, piene di amore e di rabbia, non ci sono veri e propri versi in rima classica, ma composizioni in cui la poesia \u00e8 incastonata nel significato e nella scelta delle parole. Poesia vivente nello spazio quotidiano delle persone; decorativa ma anche decelerante, che incoraggia a fermarsi, riflettere, pensare e a espandere l&#8217;orizzonte visivo con uno spazio sensoriale.<\/span><\/p>\n<p>&nbsp;<\/p>\n<p><span style=\"font-weight: 400;\">Oltre ai Poeti der Trullo, anche i poeti di strada Poesi Pop Corn, Ivan, Alfonso Pierro, Davide e Guido (Poesia Viva Lecce), Factory Writing, Francesca Pels, Gio Evan, M.E.P., Mister Caos, Poeta del Nulla, Poeti della Sera, Ste-Marta e Tempi DiVersi, hanno partecipato al festival.<\/span><\/p>\n<p>&nbsp;<\/p>\n<p><span style=\"font-weight: 400;\">Trullo \u00e8 un esempio positivo dell&#8217;effetto di costruzione della comunit\u00e0 e di rigenerazione che una simbiosi tra arte e poesia pu\u00f2 avere negli spazi pubblici. Ancora oggi, a 5 anni dall&#8217;intervento, vale la pena di visitare il Trullo. Ci sono numerose opere da ammirare, alcune grandi, altre nascoste,e non \u00e8 raro che i residenti del quartiere facciano spontaneamente una &#8220;visita guidata&#8221; del loro quartiere e condividano con i visitatori interessati aneddoti emozionanti sulle opere e le loro storie.<\/span><\/p>\n<p>&nbsp;<\/p>\n<p>_______________________________________[\/vc_column_text][\/vc_column][\/vc_row][vc_row css=&#8221;.vc_custom_1605316261185{border-top-width: 35px !important;}&#8221;][vc_column css=&#8221;.vc_custom_1605316334179{margin-top: 10px !important;border-top-width: 30px !important;}&#8221;]<div class=\"edgtf-image-gallery  edgtf-ig-slider-type edgtf-three-columns edgtf-large-space  edgtf-image-behavior-lightbox\">\n\t<div class=\"edgtf-ig-slider edgtf-owl-slider\" data-number-of-items=\"1\" data-enable-loop=\"yes\" data-enable-autoplay=\"yes\" data-slider-speed=\"6000\" data-slider-speed-animation=\"600\" data-slider-padding=\"no\" data-enable-navigation=\"yes\" data-enable-pagination=\"yes\">\n\t\t\t\t\t<div class=\"edgtf-ig-image\">\n\t\t\t\t\t\t\t\t\t<a itemprop=\"image\" class=\"edgtf-ig-lightbox edgtf-block-drag-link\" href=\"https:\/\/www.urbanyte.art\/wp-content\/uploads\/2020\/11\/Urban.Thought_Street-Poetry-Trullo_Slider-1.jpg\" data-rel=\"prettyPhoto[image_gallery_pretty_photo-433]\" title=\"Urban.Thought_Street Poetry Trullo_Slider 1\">\n\t\t\t\t\t\t\t\t\t<img loading=\"lazy\" decoding=\"async\" width=\"1300\" height=\"1300\" src=\"https:\/\/www.urbanyte.art\/wp-content\/uploads\/2020\/11\/Urban.Thought_Street-Poetry-Trullo_Slider-1.jpg\" class=\"attachment-full size-full\" alt=\"Street Poetry Festival, Trullo, Roma\" srcset=\"https:\/\/www.urbanyte.art\/wp-content\/uploads\/2020\/11\/Urban.Thought_Street-Poetry-Trullo_Slider-1.jpg 1300w, https:\/\/www.urbanyte.art\/wp-content\/uploads\/2020\/11\/Urban.Thought_Street-Poetry-Trullo_Slider-1-300x300.jpg 300w, https:\/\/www.urbanyte.art\/wp-content\/uploads\/2020\/11\/Urban.Thought_Street-Poetry-Trullo_Slider-1-1024x1024.jpg 1024w, https:\/\/www.urbanyte.art\/wp-content\/uploads\/2020\/11\/Urban.Thought_Street-Poetry-Trullo_Slider-1-150x150.jpg 150w, https:\/\/www.urbanyte.art\/wp-content\/uploads\/2020\/11\/Urban.Thought_Street-Poetry-Trullo_Slider-1-768x768.jpg 768w, https:\/\/www.urbanyte.art\/wp-content\/uploads\/2020\/11\/Urban.Thought_Street-Poetry-Trullo_Slider-1-650x650.jpg 650w\" sizes=\"auto, (max-width: 1300px) 100vw, 1300px\" \/>\t\t\t\t\t\t\t\t\t<\/a>\n\t\t\t\t\t\t\t<\/div>\n\t\t\t\t\t<div class=\"edgtf-ig-image\">\n\t\t\t\t\t\t\t\t\t<a itemprop=\"image\" class=\"edgtf-ig-lightbox edgtf-block-drag-link\" href=\"https:\/\/www.urbanyte.art\/wp-content\/uploads\/2020\/11\/Urban.Thought_Street-Poetry-Trullo_Slider-2.jpg\" data-rel=\"prettyPhoto[image_gallery_pretty_photo-433]\" title=\"Urban.Thought_Street Poetry Trullo_Slider 2\">\n\t\t\t\t\t\t\t\t\t<img loading=\"lazy\" decoding=\"async\" width=\"1300\" height=\"1300\" src=\"https:\/\/www.urbanyte.art\/wp-content\/uploads\/2020\/11\/Urban.Thought_Street-Poetry-Trullo_Slider-2.jpg\" class=\"attachment-full size-full\" alt=\"Street Poetry Festival, Trullo, Roma\" srcset=\"https:\/\/www.urbanyte.art\/wp-content\/uploads\/2020\/11\/Urban.Thought_Street-Poetry-Trullo_Slider-2.jpg 1300w, https:\/\/www.urbanyte.art\/wp-content\/uploads\/2020\/11\/Urban.Thought_Street-Poetry-Trullo_Slider-2-300x300.jpg 300w, https:\/\/www.urbanyte.art\/wp-content\/uploads\/2020\/11\/Urban.Thought_Street-Poetry-Trullo_Slider-2-1024x1024.jpg 1024w, https:\/\/www.urbanyte.art\/wp-content\/uploads\/2020\/11\/Urban.Thought_Street-Poetry-Trullo_Slider-2-150x150.jpg 150w, https:\/\/www.urbanyte.art\/wp-content\/uploads\/2020\/11\/Urban.Thought_Street-Poetry-Trullo_Slider-2-768x768.jpg 768w, https:\/\/www.urbanyte.art\/wp-content\/uploads\/2020\/11\/Urban.Thought_Street-Poetry-Trullo_Slider-2-650x650.jpg 650w\" sizes=\"auto, (max-width: 1300px) 100vw, 1300px\" \/>\t\t\t\t\t\t\t\t\t<\/a>\n\t\t\t\t\t\t\t<\/div>\n\t\t\t\t\t<div class=\"edgtf-ig-image\">\n\t\t\t\t\t\t\t\t\t<a itemprop=\"image\" class=\"edgtf-ig-lightbox edgtf-block-drag-link\" href=\"https:\/\/www.urbanyte.art\/wp-content\/uploads\/2020\/11\/Urban.Thought_Street-Poetry-Trullo_Slider-3.jpg\" data-rel=\"prettyPhoto[image_gallery_pretty_photo-433]\" title=\"Urban.Thought_Street Poetry Trullo_Slider 3\">\n\t\t\t\t\t\t\t\t\t<img loading=\"lazy\" decoding=\"async\" width=\"1300\" height=\"1300\" src=\"https:\/\/www.urbanyte.art\/wp-content\/uploads\/2020\/11\/Urban.Thought_Street-Poetry-Trullo_Slider-3.jpg\" class=\"attachment-full size-full\" alt=\"Street Poetry Festival, Trullo, Roma\" srcset=\"https:\/\/www.urbanyte.art\/wp-content\/uploads\/2020\/11\/Urban.Thought_Street-Poetry-Trullo_Slider-3.jpg 1300w, https:\/\/www.urbanyte.art\/wp-content\/uploads\/2020\/11\/Urban.Thought_Street-Poetry-Trullo_Slider-3-300x300.jpg 300w, https:\/\/www.urbanyte.art\/wp-content\/uploads\/2020\/11\/Urban.Thought_Street-Poetry-Trullo_Slider-3-1024x1024.jpg 1024w, https:\/\/www.urbanyte.art\/wp-content\/uploads\/2020\/11\/Urban.Thought_Street-Poetry-Trullo_Slider-3-150x150.jpg 150w, https:\/\/www.urbanyte.art\/wp-content\/uploads\/2020\/11\/Urban.Thought_Street-Poetry-Trullo_Slider-3-768x768.jpg 768w, https:\/\/www.urbanyte.art\/wp-content\/uploads\/2020\/11\/Urban.Thought_Street-Poetry-Trullo_Slider-3-650x650.jpg 650w\" sizes=\"auto, (max-width: 1300px) 100vw, 1300px\" \/>\t\t\t\t\t\t\t\t\t<\/a>\n\t\t\t\t\t\t\t<\/div>\n\t\t\t\t\t<div class=\"edgtf-ig-image\">\n\t\t\t\t\t\t\t\t\t<a itemprop=\"image\" class=\"edgtf-ig-lightbox edgtf-block-drag-link\" href=\"https:\/\/www.urbanyte.art\/wp-content\/uploads\/2020\/11\/Urban.Thought_Street-Poetry-Trullo_Slider-4.jpg\" data-rel=\"prettyPhoto[image_gallery_pretty_photo-433]\" title=\"Urban.Thought_Street Poetry Trullo_Slider 4\">\n\t\t\t\t\t\t\t\t\t<img loading=\"lazy\" decoding=\"async\" width=\"1300\" height=\"1300\" src=\"https:\/\/www.urbanyte.art\/wp-content\/uploads\/2020\/11\/Urban.Thought_Street-Poetry-Trullo_Slider-4.jpg\" class=\"attachment-full size-full\" alt=\"Street Poetry Festival, Trullo, Roma\" srcset=\"https:\/\/www.urbanyte.art\/wp-content\/uploads\/2020\/11\/Urban.Thought_Street-Poetry-Trullo_Slider-4.jpg 1300w, https:\/\/www.urbanyte.art\/wp-content\/uploads\/2020\/11\/Urban.Thought_Street-Poetry-Trullo_Slider-4-300x300.jpg 300w, https:\/\/www.urbanyte.art\/wp-content\/uploads\/2020\/11\/Urban.Thought_Street-Poetry-Trullo_Slider-4-1024x1024.jpg 1024w, https:\/\/www.urbanyte.art\/wp-content\/uploads\/2020\/11\/Urban.Thought_Street-Poetry-Trullo_Slider-4-150x150.jpg 150w, https:\/\/www.urbanyte.art\/wp-content\/uploads\/2020\/11\/Urban.Thought_Street-Poetry-Trullo_Slider-4-768x768.jpg 768w, https:\/\/www.urbanyte.art\/wp-content\/uploads\/2020\/11\/Urban.Thought_Street-Poetry-Trullo_Slider-4-650x650.jpg 650w\" sizes=\"auto, (max-width: 1300px) 100vw, 1300px\" \/>\t\t\t\t\t\t\t\t\t<\/a>\n\t\t\t\t\t\t\t<\/div>\n\t\t\t\t\t<div class=\"edgtf-ig-image\">\n\t\t\t\t\t\t\t\t\t<a itemprop=\"image\" class=\"edgtf-ig-lightbox edgtf-block-drag-link\" href=\"https:\/\/www.urbanyte.art\/wp-content\/uploads\/2020\/11\/Urban.Thought_Street-Poetry-Trullo_Slider-5.jpg\" data-rel=\"prettyPhoto[image_gallery_pretty_photo-433]\" title=\"Urban.Thought_Street Poetry Trullo_Slider 5\">\n\t\t\t\t\t\t\t\t\t<img loading=\"lazy\" decoding=\"async\" width=\"1300\" height=\"1300\" src=\"https:\/\/www.urbanyte.art\/wp-content\/uploads\/2020\/11\/Urban.Thought_Street-Poetry-Trullo_Slider-5.jpg\" class=\"attachment-full size-full\" alt=\"Street Poetry Festival, Trullo, Roma\" srcset=\"https:\/\/www.urbanyte.art\/wp-content\/uploads\/2020\/11\/Urban.Thought_Street-Poetry-Trullo_Slider-5.jpg 1300w, https:\/\/www.urbanyte.art\/wp-content\/uploads\/2020\/11\/Urban.Thought_Street-Poetry-Trullo_Slider-5-300x300.jpg 300w, https:\/\/www.urbanyte.art\/wp-content\/uploads\/2020\/11\/Urban.Thought_Street-Poetry-Trullo_Slider-5-1024x1024.jpg 1024w, https:\/\/www.urbanyte.art\/wp-content\/uploads\/2020\/11\/Urban.Thought_Street-Poetry-Trullo_Slider-5-150x150.jpg 150w, https:\/\/www.urbanyte.art\/wp-content\/uploads\/2020\/11\/Urban.Thought_Street-Poetry-Trullo_Slider-5-768x768.jpg 768w, https:\/\/www.urbanyte.art\/wp-content\/uploads\/2020\/11\/Urban.Thought_Street-Poetry-Trullo_Slider-5-650x650.jpg 650w\" sizes=\"auto, (max-width: 1300px) 100vw, 1300px\" \/>\t\t\t\t\t\t\t\t\t<\/a>\n\t\t\t\t\t\t\t<\/div>\n\t\t\t\t\t<div class=\"edgtf-ig-image\">\n\t\t\t\t\t\t\t\t\t<a itemprop=\"image\" class=\"edgtf-ig-lightbox edgtf-block-drag-link\" href=\"https:\/\/www.urbanyte.art\/wp-content\/uploads\/2020\/11\/Urban.Thought_Street-Poetry-Trullo_Slider-6.jpg\" data-rel=\"prettyPhoto[image_gallery_pretty_photo-433]\" title=\"Urban.Thought_Street Poetry Trullo_Slider 6\">\n\t\t\t\t\t\t\t\t\t<img loading=\"lazy\" decoding=\"async\" width=\"1300\" height=\"1300\" src=\"https:\/\/www.urbanyte.art\/wp-content\/uploads\/2020\/11\/Urban.Thought_Street-Poetry-Trullo_Slider-6.jpg\" class=\"attachment-full size-full\" alt=\"Street Poetry Festival, Trullo, Roma\" srcset=\"https:\/\/www.urbanyte.art\/wp-content\/uploads\/2020\/11\/Urban.Thought_Street-Poetry-Trullo_Slider-6.jpg 1300w, https:\/\/www.urbanyte.art\/wp-content\/uploads\/2020\/11\/Urban.Thought_Street-Poetry-Trullo_Slider-6-300x300.jpg 300w, https:\/\/www.urbanyte.art\/wp-content\/uploads\/2020\/11\/Urban.Thought_Street-Poetry-Trullo_Slider-6-1024x1024.jpg 1024w, https:\/\/www.urbanyte.art\/wp-content\/uploads\/2020\/11\/Urban.Thought_Street-Poetry-Trullo_Slider-6-150x150.jpg 150w, https:\/\/www.urbanyte.art\/wp-content\/uploads\/2020\/11\/Urban.Thought_Street-Poetry-Trullo_Slider-6-768x768.jpg 768w, https:\/\/www.urbanyte.art\/wp-content\/uploads\/2020\/11\/Urban.Thought_Street-Poetry-Trullo_Slider-6-650x650.jpg 650w\" sizes=\"auto, (max-width: 1300px) 100vw, 1300px\" \/>\t\t\t\t\t\t\t\t\t<\/a>\n\t\t\t\t\t\t\t<\/div>\n\t\t\t\t\t<div class=\"edgtf-ig-image\">\n\t\t\t\t\t\t\t\t\t<a itemprop=\"image\" class=\"edgtf-ig-lightbox edgtf-block-drag-link\" href=\"https:\/\/www.urbanyte.art\/wp-content\/uploads\/2020\/11\/Urban.Thought_Street-Poetry-Trullo_Slider-7.jpg\" data-rel=\"prettyPhoto[image_gallery_pretty_photo-433]\" title=\"Urban.Thought_Street Poetry Trullo_Slider 7\">\n\t\t\t\t\t\t\t\t\t<img loading=\"lazy\" decoding=\"async\" width=\"1300\" height=\"1300\" src=\"https:\/\/www.urbanyte.art\/wp-content\/uploads\/2020\/11\/Urban.Thought_Street-Poetry-Trullo_Slider-7.jpg\" class=\"attachment-full size-full\" alt=\"Street Poetry Festival, Trullo, Roma\" srcset=\"https:\/\/www.urbanyte.art\/wp-content\/uploads\/2020\/11\/Urban.Thought_Street-Poetry-Trullo_Slider-7.jpg 1300w, https:\/\/www.urbanyte.art\/wp-content\/uploads\/2020\/11\/Urban.Thought_Street-Poetry-Trullo_Slider-7-300x300.jpg 300w, https:\/\/www.urbanyte.art\/wp-content\/uploads\/2020\/11\/Urban.Thought_Street-Poetry-Trullo_Slider-7-1024x1024.jpg 1024w, https:\/\/www.urbanyte.art\/wp-content\/uploads\/2020\/11\/Urban.Thought_Street-Poetry-Trullo_Slider-7-150x150.jpg 150w, https:\/\/www.urbanyte.art\/wp-content\/uploads\/2020\/11\/Urban.Thought_Street-Poetry-Trullo_Slider-7-768x768.jpg 768w, https:\/\/www.urbanyte.art\/wp-content\/uploads\/2020\/11\/Urban.Thought_Street-Poetry-Trullo_Slider-7-650x650.jpg 650w\" sizes=\"auto, (max-width: 1300px) 100vw, 1300px\" \/>\t\t\t\t\t\t\t\t\t<\/a>\n\t\t\t\t\t\t\t<\/div>\n\t\t\t\t\t<div class=\"edgtf-ig-image\">\n\t\t\t\t\t\t\t\t\t<a itemprop=\"image\" class=\"edgtf-ig-lightbox edgtf-block-drag-link\" href=\"https:\/\/www.urbanyte.art\/wp-content\/uploads\/2020\/11\/Urban.Thought_Street-Poetry-Trullo_Slider-8.jpg\" data-rel=\"prettyPhoto[image_gallery_pretty_photo-433]\" title=\"Urban.Thought_Street Poetry Trullo_Slider 8\">\n\t\t\t\t\t\t\t\t\t<img loading=\"lazy\" decoding=\"async\" width=\"1300\" height=\"1300\" src=\"https:\/\/www.urbanyte.art\/wp-content\/uploads\/2020\/11\/Urban.Thought_Street-Poetry-Trullo_Slider-8.jpg\" class=\"attachment-full size-full\" alt=\"Street Poetry Festival, Trullo, Roma\" srcset=\"https:\/\/www.urbanyte.art\/wp-content\/uploads\/2020\/11\/Urban.Thought_Street-Poetry-Trullo_Slider-8.jpg 1300w, https:\/\/www.urbanyte.art\/wp-content\/uploads\/2020\/11\/Urban.Thought_Street-Poetry-Trullo_Slider-8-300x300.jpg 300w, https:\/\/www.urbanyte.art\/wp-content\/uploads\/2020\/11\/Urban.Thought_Street-Poetry-Trullo_Slider-8-1024x1024.jpg 1024w, https:\/\/www.urbanyte.art\/wp-content\/uploads\/2020\/11\/Urban.Thought_Street-Poetry-Trullo_Slider-8-150x150.jpg 150w, https:\/\/www.urbanyte.art\/wp-content\/uploads\/2020\/11\/Urban.Thought_Street-Poetry-Trullo_Slider-8-768x768.jpg 768w, https:\/\/www.urbanyte.art\/wp-content\/uploads\/2020\/11\/Urban.Thought_Street-Poetry-Trullo_Slider-8-650x650.jpg 650w\" sizes=\"auto, (max-width: 1300px) 100vw, 1300px\" \/>\t\t\t\t\t\t\t\t\t<\/a>\n\t\t\t\t\t\t\t<\/div>\n\t\t\t\t\t<div class=\"edgtf-ig-image\">\n\t\t\t\t\t\t\t\t\t<a itemprop=\"image\" class=\"edgtf-ig-lightbox edgtf-block-drag-link\" href=\"https:\/\/www.urbanyte.art\/wp-content\/uploads\/2020\/11\/Urban.Thought_Street-Poetry-Trullo_Slider-9.jpg\" data-rel=\"prettyPhoto[image_gallery_pretty_photo-433]\" title=\"Urban.Thought_Street Poetry Trullo_Slider 9\">\n\t\t\t\t\t\t\t\t\t<img loading=\"lazy\" decoding=\"async\" width=\"1300\" height=\"1300\" src=\"https:\/\/www.urbanyte.art\/wp-content\/uploads\/2020\/11\/Urban.Thought_Street-Poetry-Trullo_Slider-9.jpg\" class=\"attachment-full size-full\" alt=\"Street Poetry Festival, Trullo, Roma\" srcset=\"https:\/\/www.urbanyte.art\/wp-content\/uploads\/2020\/11\/Urban.Thought_Street-Poetry-Trullo_Slider-9.jpg 1300w, https:\/\/www.urbanyte.art\/wp-content\/uploads\/2020\/11\/Urban.Thought_Street-Poetry-Trullo_Slider-9-300x300.jpg 300w, https:\/\/www.urbanyte.art\/wp-content\/uploads\/2020\/11\/Urban.Thought_Street-Poetry-Trullo_Slider-9-1024x1024.jpg 1024w, https:\/\/www.urbanyte.art\/wp-content\/uploads\/2020\/11\/Urban.Thought_Street-Poetry-Trullo_Slider-9-150x150.jpg 150w, https:\/\/www.urbanyte.art\/wp-content\/uploads\/2020\/11\/Urban.Thought_Street-Poetry-Trullo_Slider-9-768x768.jpg 768w, https:\/\/www.urbanyte.art\/wp-content\/uploads\/2020\/11\/Urban.Thought_Street-Poetry-Trullo_Slider-9-650x650.jpg 650w\" sizes=\"auto, (max-width: 1300px) 100vw, 1300px\" \/>\t\t\t\t\t\t\t\t\t<\/a>\n\t\t\t\t\t\t\t<\/div>\n\t\t\t\t\t<div class=\"edgtf-ig-image\">\n\t\t\t\t\t\t\t\t\t<a itemprop=\"image\" class=\"edgtf-ig-lightbox edgtf-block-drag-link\" href=\"https:\/\/www.urbanyte.art\/wp-content\/uploads\/2020\/11\/Urban.Thought_Street-Poetry-Trullo_Slider-10.jpg\" data-rel=\"prettyPhoto[image_gallery_pretty_photo-433]\" title=\"Urban.Thought_Street Poetry Trullo_Slider 10\">\n\t\t\t\t\t\t\t\t\t<img loading=\"lazy\" decoding=\"async\" width=\"1300\" height=\"1300\" src=\"https:\/\/www.urbanyte.art\/wp-content\/uploads\/2020\/11\/Urban.Thought_Street-Poetry-Trullo_Slider-10.jpg\" class=\"attachment-full size-full\" alt=\"Street Poetry Festival, Trullo, Roma\" srcset=\"https:\/\/www.urbanyte.art\/wp-content\/uploads\/2020\/11\/Urban.Thought_Street-Poetry-Trullo_Slider-10.jpg 1300w, https:\/\/www.urbanyte.art\/wp-content\/uploads\/2020\/11\/Urban.Thought_Street-Poetry-Trullo_Slider-10-300x300.jpg 300w, https:\/\/www.urbanyte.art\/wp-content\/uploads\/2020\/11\/Urban.Thought_Street-Poetry-Trullo_Slider-10-1024x1024.jpg 1024w, https:\/\/www.urbanyte.art\/wp-content\/uploads\/2020\/11\/Urban.Thought_Street-Poetry-Trullo_Slider-10-150x150.jpg 150w, https:\/\/www.urbanyte.art\/wp-content\/uploads\/2020\/11\/Urban.Thought_Street-Poetry-Trullo_Slider-10-768x768.jpg 768w, https:\/\/www.urbanyte.art\/wp-content\/uploads\/2020\/11\/Urban.Thought_Street-Poetry-Trullo_Slider-10-650x650.jpg 650w\" sizes=\"auto, (max-width: 1300px) 100vw, 1300px\" \/>\t\t\t\t\t\t\t\t\t<\/a>\n\t\t\t\t\t\t\t<\/div>\n\t\t\t\t\t<div class=\"edgtf-ig-image\">\n\t\t\t\t\t\t\t\t\t<a itemprop=\"image\" class=\"edgtf-ig-lightbox edgtf-block-drag-link\" href=\"https:\/\/www.urbanyte.art\/wp-content\/uploads\/2020\/11\/Urban.Thought_Street-Poetry-Trullo_Slider-11.jpg\" data-rel=\"prettyPhoto[image_gallery_pretty_photo-433]\" title=\"Urban.Thought_Street Poetry Trullo_Slider 11\">\n\t\t\t\t\t\t\t\t\t<img loading=\"lazy\" decoding=\"async\" width=\"1300\" height=\"1300\" src=\"https:\/\/www.urbanyte.art\/wp-content\/uploads\/2020\/11\/Urban.Thought_Street-Poetry-Trullo_Slider-11.jpg\" class=\"attachment-full size-full\" alt=\"Street Poetry Festival, Trullo, Roma\" srcset=\"https:\/\/www.urbanyte.art\/wp-content\/uploads\/2020\/11\/Urban.Thought_Street-Poetry-Trullo_Slider-11.jpg 1300w, https:\/\/www.urbanyte.art\/wp-content\/uploads\/2020\/11\/Urban.Thought_Street-Poetry-Trullo_Slider-11-300x300.jpg 300w, https:\/\/www.urbanyte.art\/wp-content\/uploads\/2020\/11\/Urban.Thought_Street-Poetry-Trullo_Slider-11-1024x1024.jpg 1024w, https:\/\/www.urbanyte.art\/wp-content\/uploads\/2020\/11\/Urban.Thought_Street-Poetry-Trullo_Slider-11-150x150.jpg 150w, https:\/\/www.urbanyte.art\/wp-content\/uploads\/2020\/11\/Urban.Thought_Street-Poetry-Trullo_Slider-11-768x768.jpg 768w, https:\/\/www.urbanyte.art\/wp-content\/uploads\/2020\/11\/Urban.Thought_Street-Poetry-Trullo_Slider-11-650x650.jpg 650w\" sizes=\"auto, (max-width: 1300px) 100vw, 1300px\" \/>\t\t\t\t\t\t\t\t\t<\/a>\n\t\t\t\t\t\t\t<\/div>\n\t\t\t\t\t<div class=\"edgtf-ig-image\">\n\t\t\t\t\t\t\t\t\t<a itemprop=\"image\" class=\"edgtf-ig-lightbox edgtf-block-drag-link\" href=\"https:\/\/www.urbanyte.art\/wp-content\/uploads\/2020\/11\/Urban.Thought_Street-Poetry-Trullo_Slider-12.jpg\" data-rel=\"prettyPhoto[image_gallery_pretty_photo-433]\" title=\"Urban.Thought_Street Poetry Trullo_Slider 12\">\n\t\t\t\t\t\t\t\t\t<img loading=\"lazy\" decoding=\"async\" width=\"1300\" height=\"1300\" src=\"https:\/\/www.urbanyte.art\/wp-content\/uploads\/2020\/11\/Urban.Thought_Street-Poetry-Trullo_Slider-12.jpg\" class=\"attachment-full size-full\" alt=\"Street Poetry Festival, Trullo, Roma\" srcset=\"https:\/\/www.urbanyte.art\/wp-content\/uploads\/2020\/11\/Urban.Thought_Street-Poetry-Trullo_Slider-12.jpg 1300w, https:\/\/www.urbanyte.art\/wp-content\/uploads\/2020\/11\/Urban.Thought_Street-Poetry-Trullo_Slider-12-300x300.jpg 300w, https:\/\/www.urbanyte.art\/wp-content\/uploads\/2020\/11\/Urban.Thought_Street-Poetry-Trullo_Slider-12-1024x1024.jpg 1024w, https:\/\/www.urbanyte.art\/wp-content\/uploads\/2020\/11\/Urban.Thought_Street-Poetry-Trullo_Slider-12-150x150.jpg 150w, https:\/\/www.urbanyte.art\/wp-content\/uploads\/2020\/11\/Urban.Thought_Street-Poetry-Trullo_Slider-12-768x768.jpg 768w, https:\/\/www.urbanyte.art\/wp-content\/uploads\/2020\/11\/Urban.Thought_Street-Poetry-Trullo_Slider-12-650x650.jpg 650w\" sizes=\"auto, (max-width: 1300px) 100vw, 1300px\" \/>\t\t\t\t\t\t\t\t\t<\/a>\n\t\t\t\t\t\t\t<\/div>\n\t\t\t\t\t<div class=\"edgtf-ig-image\">\n\t\t\t\t\t\t\t\t\t<a itemprop=\"image\" class=\"edgtf-ig-lightbox edgtf-block-drag-link\" href=\"https:\/\/www.urbanyte.art\/wp-content\/uploads\/2020\/11\/Urban.Thought_Street-Poetry-Trullo_Slider-13.jpg\" data-rel=\"prettyPhoto[image_gallery_pretty_photo-433]\" title=\"Urban.Thought_Street Poetry Trullo_Slider 13\">\n\t\t\t\t\t\t\t\t\t<img loading=\"lazy\" decoding=\"async\" width=\"1300\" height=\"1300\" src=\"https:\/\/www.urbanyte.art\/wp-content\/uploads\/2020\/11\/Urban.Thought_Street-Poetry-Trullo_Slider-13.jpg\" class=\"attachment-full size-full\" alt=\"Street Poetry Festival, Trullo, Roma\" srcset=\"https:\/\/www.urbanyte.art\/wp-content\/uploads\/2020\/11\/Urban.Thought_Street-Poetry-Trullo_Slider-13.jpg 1300w, https:\/\/www.urbanyte.art\/wp-content\/uploads\/2020\/11\/Urban.Thought_Street-Poetry-Trullo_Slider-13-300x300.jpg 300w, https:\/\/www.urbanyte.art\/wp-content\/uploads\/2020\/11\/Urban.Thought_Street-Poetry-Trullo_Slider-13-1024x1024.jpg 1024w, https:\/\/www.urbanyte.art\/wp-content\/uploads\/2020\/11\/Urban.Thought_Street-Poetry-Trullo_Slider-13-150x150.jpg 150w, https:\/\/www.urbanyte.art\/wp-content\/uploads\/2020\/11\/Urban.Thought_Street-Poetry-Trullo_Slider-13-768x768.jpg 768w, https:\/\/www.urbanyte.art\/wp-content\/uploads\/2020\/11\/Urban.Thought_Street-Poetry-Trullo_Slider-13-650x650.jpg 650w\" sizes=\"auto, (max-width: 1300px) 100vw, 1300px\" \/>\t\t\t\t\t\t\t\t\t<\/a>\n\t\t\t\t\t\t\t<\/div>\n\t\t\t\t\t<div class=\"edgtf-ig-image\">\n\t\t\t\t\t\t\t\t\t<a itemprop=\"image\" class=\"edgtf-ig-lightbox edgtf-block-drag-link\" href=\"https:\/\/www.urbanyte.art\/wp-content\/uploads\/2020\/11\/Urban.Thought_Street-Poetry-Trullo_Slider-14.jpg\" data-rel=\"prettyPhoto[image_gallery_pretty_photo-433]\" title=\"Urban.Thought_Street Poetry Trullo_Slider 14\">\n\t\t\t\t\t\t\t\t\t<img loading=\"lazy\" decoding=\"async\" width=\"1300\" height=\"1300\" src=\"https:\/\/www.urbanyte.art\/wp-content\/uploads\/2020\/11\/Urban.Thought_Street-Poetry-Trullo_Slider-14.jpg\" class=\"attachment-full size-full\" alt=\"Street Poetry Festival, Trullo, Roma\" srcset=\"https:\/\/www.urbanyte.art\/wp-content\/uploads\/2020\/11\/Urban.Thought_Street-Poetry-Trullo_Slider-14.jpg 1300w, https:\/\/www.urbanyte.art\/wp-content\/uploads\/2020\/11\/Urban.Thought_Street-Poetry-Trullo_Slider-14-300x300.jpg 300w, https:\/\/www.urbanyte.art\/wp-content\/uploads\/2020\/11\/Urban.Thought_Street-Poetry-Trullo_Slider-14-1024x1024.jpg 1024w, https:\/\/www.urbanyte.art\/wp-content\/uploads\/2020\/11\/Urban.Thought_Street-Poetry-Trullo_Slider-14-150x150.jpg 150w, https:\/\/www.urbanyte.art\/wp-content\/uploads\/2020\/11\/Urban.Thought_Street-Poetry-Trullo_Slider-14-768x768.jpg 768w, https:\/\/www.urbanyte.art\/wp-content\/uploads\/2020\/11\/Urban.Thought_Street-Poetry-Trullo_Slider-14-650x650.jpg 650w\" sizes=\"auto, (max-width: 1300px) 100vw, 1300px\" \/>\t\t\t\t\t\t\t\t\t<\/a>\n\t\t\t\t\t\t\t<\/div>\n\t\t\t<\/div>\n<\/div>[\/vc_column][\/vc_row][vc_row css=&#8221;.vc_custom_1605313463281{margin-top: 5px !important;border-top-width: 20px !important;}&#8221;][vc_column][vc_column_text]_______________________________________<\/p>\n<p>&nbsp;<\/p>\n<p>Novembre 2020[\/vc_column_text][\/vc_column][\/vc_row]<\/p>\n<\/section>","protected":false},"excerpt":{"rendered":"<p>Come parole, immagini e fantasia hanno trasformato il quartiere del Trullo a Roma.<\/p>\n","protected":false},"author":1,"featured_media":4641,"comment_status":"closed","ping_status":"open","sticky":false,"template":"","format":"standard","meta":{"_mi_skip_tracking":false,"footnotes":""},"categories":[77,145],"tags":[139,156,137],"class_list":["post-5030","post","type-post","status-publish","format-standard","has-post-thumbnail","hentry","category-urban-thoughts","category-urban-thoughts-it-2","tag-intervento-urbano","tag-italiano-it","tag-street-poetry-it-2"],"yoast_head":"<!-- This site is optimized with the Yoast SEO plugin v20.6 - https:\/\/yoast.com\/wordpress\/plugins\/seo\/ -->\n<title>URBAN.THOUGHTS, URBAN.THOUGHTS - POESIA DI STRADA - URBANYTE<\/title>\n<meta name=\"description\" content=\"Come parole, immagini e fantasia hanno trasformato il quartiere del Trullo a Roma.\" \/>\n<meta name=\"robots\" content=\"index, follow, max-snippet:-1, max-image-preview:large, max-video-preview:-1\" \/>\n<link rel=\"canonical\" href=\"https:\/\/www.urbanyte.art\/it\/street-poetry\/\" \/>\n<meta property=\"og:locale\" content=\"it_IT\" \/>\n<meta property=\"og:type\" content=\"article\" \/>\n<meta property=\"og:title\" content=\"URBAN.THOUGHTS, URBAN.THOUGHTS - POESIA DI STRADA - URBANYTE\" \/>\n<meta property=\"og:description\" content=\"Come parole, immagini e fantasia hanno trasformato il quartiere del Trullo a Roma.\" \/>\n<meta property=\"og:url\" content=\"https:\/\/www.urbanyte.art\/it\/street-poetry\/\" \/>\n<meta property=\"og:site_name\" content=\"URBANYTE\" \/>\n<meta property=\"article:publisher\" content=\"https:\/\/www.facebook.com\/urbanyte.art\" \/>\n<meta property=\"article:author\" content=\"https:\/\/www.facebook.com\/urbanyte.art\/\" \/>\n<meta property=\"article:published_time\" content=\"2020-12-11T23:00:41+00:00\" \/>\n<meta property=\"article:modified_time\" content=\"2020-12-11T11:01:22+00:00\" \/>\n<meta property=\"og:image\" content=\"https:\/\/www.urbanyte.art\/wp-content\/uploads\/2020\/11\/Urban.Thought_Street-Poetry-Trullo-by-Solo_Feature-image.jpg\" \/>\n\t<meta property=\"og:image:width\" content=\"1300\" \/>\n\t<meta property=\"og:image:height\" content=\"730\" \/>\n\t<meta property=\"og:image:type\" content=\"image\/jpeg\" \/>\n<meta name=\"author\" content=\"URBANYTE\" \/>\n<meta name=\"twitter:card\" content=\"summary_large_image\" \/>\n<meta name=\"twitter:label1\" content=\"Scritto da\" \/>\n\t<meta name=\"twitter:data1\" content=\"URBANYTE\" \/>\n\t<meta name=\"twitter:label2\" content=\"Tempo di lettura stimato\" \/>\n\t<meta name=\"twitter:data2\" content=\"5 minuti\" \/>\n<script type=\"application\/ld+json\" class=\"yoast-schema-graph\">{\"@context\":\"https:\/\/schema.org\",\"@graph\":[{\"@type\":\"Article\",\"@id\":\"https:\/\/www.urbanyte.art\/it\/street-poetry\/#article\",\"isPartOf\":{\"@id\":\"https:\/\/www.urbanyte.art\/it\/street-poetry\/\"},\"author\":{\"name\":\"URBANYTE\",\"@id\":\"https:\/\/www.urbanyte.art\/it\/#\/schema\/person\/cba1493b26e05acb123c4aff893f31b3\"},\"headline\":\"POESIA DI STRADA\",\"datePublished\":\"2020-12-11T23:00:41+00:00\",\"dateModified\":\"2020-12-11T11:01:22+00:00\",\"mainEntityOfPage\":{\"@id\":\"https:\/\/www.urbanyte.art\/it\/street-poetry\/\"},\"wordCount\":971,\"publisher\":{\"@id\":\"https:\/\/www.urbanyte.art\/it\/#organization\"},\"keywords\":[\"intervento urbano\",\"italiano\",\"street poetry\"],\"articleSection\":[\"URBAN.THOUGHTS\",\"URBAN.THOUGHTS\"],\"inLanguage\":\"it-IT\"},{\"@type\":\"WebPage\",\"@id\":\"https:\/\/www.urbanyte.art\/it\/street-poetry\/\",\"url\":\"https:\/\/www.urbanyte.art\/it\/street-poetry\/\",\"name\":\"URBAN.THOUGHTS, URBAN.THOUGHTS - POESIA DI STRADA - URBANYTE\",\"isPartOf\":{\"@id\":\"https:\/\/www.urbanyte.art\/it\/#website\"},\"datePublished\":\"2020-12-11T23:00:41+00:00\",\"dateModified\":\"2020-12-11T11:01:22+00:00\",\"description\":\"Come parole, immagini e fantasia hanno trasformato il quartiere del Trullo a Roma.\",\"breadcrumb\":{\"@id\":\"https:\/\/www.urbanyte.art\/it\/street-poetry\/#breadcrumb\"},\"inLanguage\":\"it-IT\",\"potentialAction\":[{\"@type\":\"ReadAction\",\"target\":[\"https:\/\/www.urbanyte.art\/it\/street-poetry\/\"]}]},{\"@type\":\"BreadcrumbList\",\"@id\":\"https:\/\/www.urbanyte.art\/it\/street-poetry\/#breadcrumb\",\"itemListElement\":[{\"@type\":\"ListItem\",\"position\":1,\"name\":\"Home\",\"item\":\"https:\/\/www.urbanyte.art\/it\/\"},{\"@type\":\"ListItem\",\"position\":2,\"name\":\"POESIA DI STRADA\"}]},{\"@type\":\"WebSite\",\"@id\":\"https:\/\/www.urbanyte.art\/it\/#website\",\"url\":\"https:\/\/www.urbanyte.art\/it\/\",\"name\":\"URBANYTE\",\"description\":\"arte contemporanea urbana e indipendente\",\"publisher\":{\"@id\":\"https:\/\/www.urbanyte.art\/it\/#organization\"},\"potentialAction\":[{\"@type\":\"SearchAction\",\"target\":{\"@type\":\"EntryPoint\",\"urlTemplate\":\"https:\/\/www.urbanyte.art\/it\/?s={search_term_string}\"},\"query-input\":\"required name=search_term_string\"}],\"inLanguage\":\"it-IT\"},{\"@type\":\"Organization\",\"@id\":\"https:\/\/www.urbanyte.art\/it\/#organization\",\"name\":\"URBANYTE\",\"url\":\"https:\/\/www.urbanyte.art\/it\/\",\"logo\":{\"@type\":\"ImageObject\",\"inLanguage\":\"it-IT\",\"@id\":\"https:\/\/www.urbanyte.art\/it\/#\/schema\/logo\/image\/\",\"url\":\"https:\/\/www.urbanyte.art\/wp-content\/uploads\/2020\/11\/URBANYTE_padded_logo.png\",\"contentUrl\":\"https:\/\/www.urbanyte.art\/wp-content\/uploads\/2020\/11\/URBANYTE_padded_logo.png\",\"width\":512,\"height\":512,\"caption\":\"URBANYTE\"},\"image\":{\"@id\":\"https:\/\/www.urbanyte.art\/it\/#\/schema\/logo\/image\/\"},\"sameAs\":[\"https:\/\/www.facebook.com\/urbanyte.art\",\"https:\/\/www.instagram.com\/urbanyte.art\/\",\"https:\/\/www.linkedin.com\/company\/urbanyte\"]},{\"@type\":\"Person\",\"@id\":\"https:\/\/www.urbanyte.art\/it\/#\/schema\/person\/cba1493b26e05acb123c4aff893f31b3\",\"name\":\"URBANYTE\",\"image\":{\"@type\":\"ImageObject\",\"inLanguage\":\"it-IT\",\"@id\":\"https:\/\/www.urbanyte.art\/it\/#\/schema\/person\/image\/\",\"url\":\"https:\/\/secure.gravatar.com\/avatar\/2766a446626d719d2a44e941c3e107ef951bdb15674ed9d7f5b897068d8157ac?s=96&d=mm&r=g\",\"contentUrl\":\"https:\/\/secure.gravatar.com\/avatar\/2766a446626d719d2a44e941c3e107ef951bdb15674ed9d7f5b897068d8157ac?s=96&d=mm&r=g\",\"caption\":\"URBANYTE\"},\"sameAs\":[\"http:\/\/www.urbanyte.art\",\"https:\/\/www.facebook.com\/urbanyte.art\/\",\"https:\/\/www.instagram.com\/urbanyte.art\/\",\"https:\/\/www.linkedin.com\/company\/urbanyte\"]}]}<\/script>\n<!-- \/ Yoast SEO plugin. -->","yoast_head_json":{"title":"URBAN.THOUGHTS, URBAN.THOUGHTS - POESIA DI STRADA - URBANYTE","description":"Come parole, immagini e fantasia hanno trasformato il quartiere del Trullo a Roma.","robots":{"index":"index","follow":"follow","max-snippet":"max-snippet:-1","max-image-preview":"max-image-preview:large","max-video-preview":"max-video-preview:-1"},"canonical":"https:\/\/www.urbanyte.art\/it\/street-poetry\/","og_locale":"it_IT","og_type":"article","og_title":"URBAN.THOUGHTS, URBAN.THOUGHTS - POESIA DI STRADA - URBANYTE","og_description":"Come parole, immagini e fantasia hanno trasformato il quartiere del Trullo a Roma.","og_url":"https:\/\/www.urbanyte.art\/it\/street-poetry\/","og_site_name":"URBANYTE","article_publisher":"https:\/\/www.facebook.com\/urbanyte.art","article_author":"https:\/\/www.facebook.com\/urbanyte.art\/","article_published_time":"2020-12-11T23:00:41+00:00","article_modified_time":"2020-12-11T11:01:22+00:00","og_image":[{"width":1300,"height":730,"url":"https:\/\/www.urbanyte.art\/wp-content\/uploads\/2020\/11\/Urban.Thought_Street-Poetry-Trullo-by-Solo_Feature-image.jpg","type":"image\/jpeg"}],"author":"URBANYTE","twitter_card":"summary_large_image","twitter_misc":{"Scritto da":"URBANYTE","Tempo di lettura stimato":"5 minuti"},"schema":{"@context":"https:\/\/schema.org","@graph":[{"@type":"Article","@id":"https:\/\/www.urbanyte.art\/it\/street-poetry\/#article","isPartOf":{"@id":"https:\/\/www.urbanyte.art\/it\/street-poetry\/"},"author":{"name":"URBANYTE","@id":"https:\/\/www.urbanyte.art\/it\/#\/schema\/person\/cba1493b26e05acb123c4aff893f31b3"},"headline":"POESIA DI STRADA","datePublished":"2020-12-11T23:00:41+00:00","dateModified":"2020-12-11T11:01:22+00:00","mainEntityOfPage":{"@id":"https:\/\/www.urbanyte.art\/it\/street-poetry\/"},"wordCount":971,"publisher":{"@id":"https:\/\/www.urbanyte.art\/it\/#organization"},"keywords":["intervento urbano","italiano","street poetry"],"articleSection":["URBAN.THOUGHTS","URBAN.THOUGHTS"],"inLanguage":"it-IT"},{"@type":"WebPage","@id":"https:\/\/www.urbanyte.art\/it\/street-poetry\/","url":"https:\/\/www.urbanyte.art\/it\/street-poetry\/","name":"URBAN.THOUGHTS, URBAN.THOUGHTS - POESIA DI STRADA - URBANYTE","isPartOf":{"@id":"https:\/\/www.urbanyte.art\/it\/#website"},"datePublished":"2020-12-11T23:00:41+00:00","dateModified":"2020-12-11T11:01:22+00:00","description":"Come parole, immagini e fantasia hanno trasformato il quartiere del Trullo a Roma.","breadcrumb":{"@id":"https:\/\/www.urbanyte.art\/it\/street-poetry\/#breadcrumb"},"inLanguage":"it-IT","potentialAction":[{"@type":"ReadAction","target":["https:\/\/www.urbanyte.art\/it\/street-poetry\/"]}]},{"@type":"BreadcrumbList","@id":"https:\/\/www.urbanyte.art\/it\/street-poetry\/#breadcrumb","itemListElement":[{"@type":"ListItem","position":1,"name":"Home","item":"https:\/\/www.urbanyte.art\/it\/"},{"@type":"ListItem","position":2,"name":"POESIA DI STRADA"}]},{"@type":"WebSite","@id":"https:\/\/www.urbanyte.art\/it\/#website","url":"https:\/\/www.urbanyte.art\/it\/","name":"URBANYTE","description":"arte contemporanea urbana e indipendente","publisher":{"@id":"https:\/\/www.urbanyte.art\/it\/#organization"},"potentialAction":[{"@type":"SearchAction","target":{"@type":"EntryPoint","urlTemplate":"https:\/\/www.urbanyte.art\/it\/?s={search_term_string}"},"query-input":"required name=search_term_string"}],"inLanguage":"it-IT"},{"@type":"Organization","@id":"https:\/\/www.urbanyte.art\/it\/#organization","name":"URBANYTE","url":"https:\/\/www.urbanyte.art\/it\/","logo":{"@type":"ImageObject","inLanguage":"it-IT","@id":"https:\/\/www.urbanyte.art\/it\/#\/schema\/logo\/image\/","url":"https:\/\/www.urbanyte.art\/wp-content\/uploads\/2020\/11\/URBANYTE_padded_logo.png","contentUrl":"https:\/\/www.urbanyte.art\/wp-content\/uploads\/2020\/11\/URBANYTE_padded_logo.png","width":512,"height":512,"caption":"URBANYTE"},"image":{"@id":"https:\/\/www.urbanyte.art\/it\/#\/schema\/logo\/image\/"},"sameAs":["https:\/\/www.facebook.com\/urbanyte.art","https:\/\/www.instagram.com\/urbanyte.art\/","https:\/\/www.linkedin.com\/company\/urbanyte"]},{"@type":"Person","@id":"https:\/\/www.urbanyte.art\/it\/#\/schema\/person\/cba1493b26e05acb123c4aff893f31b3","name":"URBANYTE","image":{"@type":"ImageObject","inLanguage":"it-IT","@id":"https:\/\/www.urbanyte.art\/it\/#\/schema\/person\/image\/","url":"https:\/\/secure.gravatar.com\/avatar\/2766a446626d719d2a44e941c3e107ef951bdb15674ed9d7f5b897068d8157ac?s=96&d=mm&r=g","contentUrl":"https:\/\/secure.gravatar.com\/avatar\/2766a446626d719d2a44e941c3e107ef951bdb15674ed9d7f5b897068d8157ac?s=96&d=mm&r=g","caption":"URBANYTE"},"sameAs":["http:\/\/www.urbanyte.art","https:\/\/www.facebook.com\/urbanyte.art\/","https:\/\/www.instagram.com\/urbanyte.art\/","https:\/\/www.linkedin.com\/company\/urbanyte"]}]}},"_links":{"self":[{"href":"https:\/\/www.urbanyte.art\/it\/wp-json\/wp\/v2\/posts\/5030","targetHints":{"allow":["GET"]}}],"collection":[{"href":"https:\/\/www.urbanyte.art\/it\/wp-json\/wp\/v2\/posts"}],"about":[{"href":"https:\/\/www.urbanyte.art\/it\/wp-json\/wp\/v2\/types\/post"}],"author":[{"embeddable":true,"href":"https:\/\/www.urbanyte.art\/it\/wp-json\/wp\/v2\/users\/1"}],"replies":[{"embeddable":true,"href":"https:\/\/www.urbanyte.art\/it\/wp-json\/wp\/v2\/comments?post=5030"}],"version-history":[{"count":8,"href":"https:\/\/www.urbanyte.art\/it\/wp-json\/wp\/v2\/posts\/5030\/revisions"}],"predecessor-version":[{"id":5557,"href":"https:\/\/www.urbanyte.art\/it\/wp-json\/wp\/v2\/posts\/5030\/revisions\/5557"}],"wp:featuredmedia":[{"embeddable":true,"href":"https:\/\/www.urbanyte.art\/it\/wp-json\/wp\/v2\/media\/4641"}],"wp:attachment":[{"href":"https:\/\/www.urbanyte.art\/it\/wp-json\/wp\/v2\/media?parent=5030"}],"wp:term":[{"taxonomy":"category","embeddable":true,"href":"https:\/\/www.urbanyte.art\/it\/wp-json\/wp\/v2\/categories?post=5030"},{"taxonomy":"post_tag","embeddable":true,"href":"https:\/\/www.urbanyte.art\/it\/wp-json\/wp\/v2\/tags?post=5030"}],"curies":[{"name":"wp","href":"https:\/\/api.w.org\/{rel}","templated":true}]}}