{"id":7897,"date":"2021-07-23T18:01:03","date_gmt":"2021-07-23T16:01:03","guid":{"rendered":"https:\/\/www.urbanyte.art\/?p=7897"},"modified":"2021-08-13T10:25:51","modified_gmt":"2021-08-13T08:25:51","slug":"nespoon","status":"publish","type":"post","link":"https:\/\/www.urbanyte.art\/it\/nespoon\/","title":{"rendered":"NESPOON"},"content":{"rendered":"<section class=\"wpb-content-wrapper\"><p>[vc_row][vc_column][vc_column_text]<\/p>\n<h4>Intervista con l&#8217;artista di strada polacca NeSpoon:<\/h4>\n<p>[\/vc_column_text][\/vc_column][\/vc_row][vc_row equal_height=&#8221;yes&#8221;][vc_column width=&#8221;1\/6&#8243;][vc_empty_space]<div class=\"edgtf-single-image-holder   \">\n    <div class=\"edgtf-si-inner\" >\n                                    <img loading=\"lazy\" decoding=\"async\" width=\"300\" height=\"235\" src=\"https:\/\/www.urbanyte.art\/wp-content\/uploads\/2020\/11\/Quote-Icon-new2-e1605979366731.png\" class=\"attachment-medium size-medium\" alt=\"\" \/>                        <\/div>\n<\/div>[\/vc_column][vc_column width=&#8221;5\/6&#8243;][vc_column_text css=&#8221;.vc_custom_1627056039198{border-top-width: 10px !important;padding-top: 15px !important;}&#8221;]<\/p>\n<h4><em><strong>Non mi sono mai piaciuti i pizzi. Prima di iniziare a lavorarci, pensavo che il pizzo fosse qualcosa di antiquato, da appartamento polveroso di una nonna. Oggi mi sembra che in ogni pizzo ci sia un codice estetico universale, profondamente radicato in ogni cultura. <\/strong><\/em><\/h4>\n<p>[\/vc_column_text][vc_empty_space][\/vc_column][\/vc_row][vc_row][vc_column]<div class=\"edgtf-single-image-holder   \">\n    <div class=\"edgtf-si-inner\" >\n                                    <img loading=\"lazy\" decoding=\"async\" width=\"1400\" height=\"525\" src=\"https:\/\/www.urbanyte.art\/wp-content\/uploads\/2021\/07\/NeSpoon.Bombarral.Portugal.2017.07.02new.jpg\" class=\"attachment-full size-full\" alt=\"\" srcset=\"https:\/\/www.urbanyte.art\/wp-content\/uploads\/2021\/07\/NeSpoon.Bombarral.Portugal.2017.07.02new.jpg 1400w, https:\/\/www.urbanyte.art\/wp-content\/uploads\/2021\/07\/NeSpoon.Bombarral.Portugal.2017.07.02new-300x113.jpg 300w, https:\/\/www.urbanyte.art\/wp-content\/uploads\/2021\/07\/NeSpoon.Bombarral.Portugal.2017.07.02new-1024x384.jpg 1024w, https:\/\/www.urbanyte.art\/wp-content\/uploads\/2021\/07\/NeSpoon.Bombarral.Portugal.2017.07.02new-768x288.jpg 768w\" sizes=\"auto, (max-width: 1400px) 100vw, 1400px\" \/>                        <\/div>\n<\/div>[vc_column_text]<\/p>\n<p style=\"text-align: right;\"><span style=\"color: #999999;\">Bombarral, Portogallo I 2017<\/span><\/p>\n<p>[\/vc_column_text][vc_empty_space height=&#8221;22px&#8221;][\/vc_column][\/vc_row][vc_row][vc_column][vc_column_text]<\/p>\n<h5><b>Puoi dirci chi sei e da dove viene il nome NeSpoon?<\/b><\/h5>\n<p><span style=\"font-weight: 400;\">Viene da &#8220;There is no spoon&#8221;, la frase del film <\/span><i><span style=\"font-weight: 400;\">The Matrix<\/span><\/i><span style=\"font-weight: 400;\">. In breve, significa che i confini sono solo nella propria testa. Quando lo si comprende, si pu\u00f2 saltare da un grattacielo all&#8217;altro.\u00a0\u00a0<\/span><\/p>\n<p><span style=\"font-weight: 400;\">A proposito, NeSpoon \u00e8 il mio vero nome, legalmente, non uno pseudonimo. Non so chi sia <\/span><span style=\"font-weight: 400;\">El\u017cbieta <\/span><span style=\"font-weight: 400;\">Dymna.<\/span>[\/vc_column_text][vc_empty_space][\/vc_column][\/vc_row][vc_row][vc_column width=&#8221;1\/3&#8243;]<div class=\"edgtf-single-image-holder   \">\n    <div class=\"edgtf-si-inner\" >\n                                    <img loading=\"lazy\" decoding=\"async\" width=\"1200\" height=\"900\" src=\"https:\/\/www.urbanyte.art\/wp-content\/uploads\/2021\/07\/Nespoon-.png\" class=\"attachment-full size-full\" alt=\"\" srcset=\"https:\/\/www.urbanyte.art\/wp-content\/uploads\/2021\/07\/Nespoon-.png 1200w, https:\/\/www.urbanyte.art\/wp-content\/uploads\/2021\/07\/Nespoon--300x225.png 300w, https:\/\/www.urbanyte.art\/wp-content\/uploads\/2021\/07\/Nespoon--1024x768.png 1024w, https:\/\/www.urbanyte.art\/wp-content\/uploads\/2021\/07\/Nespoon--768x576.png 768w\" sizes=\"auto, (max-width: 1200px) 100vw, 1200px\" \/>                        <\/div>\n<\/div>[vc_column_text]<span style=\"color: #999999;\">Calais, Francia I 2020<\/span>[\/vc_column_text][vc_empty_space height=&#8221;22px&#8221;][\/vc_column][vc_column width=&#8221;1\/3&#8243;]<div class=\"edgtf-single-image-holder   \">\n    <div class=\"edgtf-si-inner\" >\n                                    <img loading=\"lazy\" decoding=\"async\" width=\"1200\" height=\"900\" src=\"https:\/\/www.urbanyte.art\/wp-content\/uploads\/2021\/07\/000NeSpoon.Valencia.Spain_.2017.06.jpg\" class=\"attachment-full size-full\" alt=\"\" srcset=\"https:\/\/www.urbanyte.art\/wp-content\/uploads\/2021\/07\/000NeSpoon.Valencia.Spain_.2017.06.jpg 1200w, https:\/\/www.urbanyte.art\/wp-content\/uploads\/2021\/07\/000NeSpoon.Valencia.Spain_.2017.06-300x225.jpg 300w, https:\/\/www.urbanyte.art\/wp-content\/uploads\/2021\/07\/000NeSpoon.Valencia.Spain_.2017.06-1024x768.jpg 1024w, https:\/\/www.urbanyte.art\/wp-content\/uploads\/2021\/07\/000NeSpoon.Valencia.Spain_.2017.06-768x576.jpg 768w\" sizes=\"auto, (max-width: 1200px) 100vw, 1200px\" \/>                        <\/div>\n<\/div>[vc_column_text]<span style=\"color: #999999;\">Valencia, Spagna I 2017<\/span>[\/vc_column_text][vc_empty_space height=&#8221;22px&#8221;][\/vc_column][vc_column width=&#8221;1\/3&#8243;]<div class=\"edgtf-single-image-holder   \">\n    <div class=\"edgtf-si-inner\" >\n                                    <img loading=\"lazy\" decoding=\"async\" width=\"1200\" height=\"900\" src=\"https:\/\/www.urbanyte.art\/wp-content\/uploads\/2021\/07\/NeSpoon.Kristiansand.Norway_.05.2018.11.jpg\" class=\"attachment-full size-full\" alt=\"\" srcset=\"https:\/\/www.urbanyte.art\/wp-content\/uploads\/2021\/07\/NeSpoon.Kristiansand.Norway_.05.2018.11.jpg 1200w, https:\/\/www.urbanyte.art\/wp-content\/uploads\/2021\/07\/NeSpoon.Kristiansand.Norway_.05.2018.11-300x225.jpg 300w, https:\/\/www.urbanyte.art\/wp-content\/uploads\/2021\/07\/NeSpoon.Kristiansand.Norway_.05.2018.11-1024x768.jpg 1024w, https:\/\/www.urbanyte.art\/wp-content\/uploads\/2021\/07\/NeSpoon.Kristiansand.Norway_.05.2018.11-768x576.jpg 768w\" sizes=\"auto, (max-width: 1200px) 100vw, 1200px\" \/>                        <\/div>\n<\/div>[vc_column_text]<span style=\"color: #999999;\">Kristiansand, Norvegia I 2018<\/span>[\/vc_column_text][vc_empty_space height=&#8221;22px&#8221;][\/vc_column][\/vc_row][vc_row][vc_column][vc_column_text]<\/p>\n<h5><b>Hai un&#8217;educazione artistica formale? Come e perch\u00e9 hai iniziato nella scena artistica urbana?<\/b><\/h5>\n<p><span style=\"font-weight: 400;\">Dipingo da quando riesco a ricordare, dall&#8217;asilo. Volevo essere una &#8220;vera artista&#8221; a sei anni, quando le altre bambine sognavano di essere principesse o fate. Tuttavia ho iniziato a fare arte solo nel 2009.\u00a0<\/span><\/p>\n<p><span style=\"font-weight: 400;\">Prima dipingevo quadri a olio scuri e tristi. A un certo punto ho scoperto che era un vicolo cieco. Ho avuto una pausa di due anni e poi ho iniziato a imparare l\u2019arte della lavorazione della ceramica. Gli oggetti di ceramica con motivi a pizzo sono stati i primi lavori che ho messo in strada. Graffiti, murales e installazioni apparvero negli anni seguenti.<\/span>[\/vc_column_text][vc_empty_space][\/vc_column][\/vc_row][vc_row][vc_column]<div class=\"edgtf-single-image-holder   \">\n    <div class=\"edgtf-si-inner\" >\n                                    <img loading=\"lazy\" decoding=\"async\" width=\"1400\" height=\"597\" src=\"https:\/\/www.urbanyte.art\/wp-content\/uploads\/2021\/07\/nespoon-4.jpeg\" class=\"attachment-full size-full\" alt=\"\" srcset=\"https:\/\/www.urbanyte.art\/wp-content\/uploads\/2021\/07\/nespoon-4.jpeg 1400w, https:\/\/www.urbanyte.art\/wp-content\/uploads\/2021\/07\/nespoon-4-300x128.jpeg 300w, https:\/\/www.urbanyte.art\/wp-content\/uploads\/2021\/07\/nespoon-4-1024x437.jpeg 1024w, https:\/\/www.urbanyte.art\/wp-content\/uploads\/2021\/07\/nespoon-4-768x327.jpeg 768w\" sizes=\"auto, (max-width: 1400px) 100vw, 1400px\" \/>                        <\/div>\n<\/div>[vc_empty_space height=&#8221;22px&#8221;][\/vc_column][\/vc_row][vc_row][vc_column][vc_column_text]<\/p>\n<h5><b>Sei nota per i tuoi grandi murales di pizzo che ricoprono le case di tutto il mondo, ma lavori anche con la pittura, la scultura e la ceramica. L&#8217;arte urbana in ceramica \u00e8 il cuore della tua attivit\u00e0 e nel corso degli anni hai lasciato diverse centinaia di oggetti in ceramica per le strade di varie citt\u00e0 del mondo. Quali tecniche utilizzi? Cosa collega i tuoi diversi campi artistici?<\/b><\/h5>\n<p><span style=\"font-weight: 400;\">Mi annoio facilmente e cambio spesso tecniche. Imparo sempre qualcosa di nuovo; ultimamente \u00e8 la serigrafia. Per i graffiti illegali uso gli stencil. Per i murales, sia stencil che pittura a mano libera, a seconda del progetto. In una galleria pu\u00f2 essere video arte o scultura &#8211; perch\u00e9 no?\u00a0<\/span><\/p>\n<p><span style=\"font-weight: 400;\">Tuttavia, il mio mezzo di comunicazione di base \u00e8 la ceramica. Argilla e pittura sono sostanze molto naturali, vicine all&#8217;elemento terra. Mi piace avere un contatto fisico con esse, sporcarmi le mani.<\/span>[\/vc_column_text][vc_empty_space][\/vc_column][\/vc_row][vc_row][vc_column width=&#8221;1\/3&#8243;]<div class=\"edgtf-single-image-holder   \">\n    <div class=\"edgtf-si-inner\" >\n                                    <img loading=\"lazy\" decoding=\"async\" width=\"1200\" height=\"866\" src=\"https:\/\/www.urbanyte.art\/wp-content\/uploads\/2021\/07\/Bildschirmfoto-2021-07-22-um-18.26.28.png\" class=\"attachment-full size-full\" alt=\"\" srcset=\"https:\/\/www.urbanyte.art\/wp-content\/uploads\/2021\/07\/Bildschirmfoto-2021-07-22-um-18.26.28.png 1200w, https:\/\/www.urbanyte.art\/wp-content\/uploads\/2021\/07\/Bildschirmfoto-2021-07-22-um-18.26.28-300x217.png 300w, https:\/\/www.urbanyte.art\/wp-content\/uploads\/2021\/07\/Bildschirmfoto-2021-07-22-um-18.26.28-1024x739.png 1024w, https:\/\/www.urbanyte.art\/wp-content\/uploads\/2021\/07\/Bildschirmfoto-2021-07-22-um-18.26.28-768x554.png 768w\" sizes=\"auto, (max-width: 1200px) 100vw, 1200px\" \/>                        <\/div>\n<\/div>[vc_column_text]<span style=\"color: #999999;\">Corsica, Francia I 2020<\/span>[\/vc_column_text][vc_empty_space height=&#8221;22px&#8221;][\/vc_column][vc_column width=&#8221;1\/3&#8243;]<div class=\"edgtf-single-image-holder   \">\n    <div class=\"edgtf-si-inner\" >\n                                    <img loading=\"lazy\" decoding=\"async\" width=\"1200\" height=\"866\" src=\"https:\/\/www.urbanyte.art\/wp-content\/uploads\/2021\/07\/nespoon-ceramic.jpg\" class=\"attachment-full size-full\" alt=\"\" srcset=\"https:\/\/www.urbanyte.art\/wp-content\/uploads\/2021\/07\/nespoon-ceramic.jpg 1200w, https:\/\/www.urbanyte.art\/wp-content\/uploads\/2021\/07\/nespoon-ceramic-300x217.jpg 300w, https:\/\/www.urbanyte.art\/wp-content\/uploads\/2021\/07\/nespoon-ceramic-1024x739.jpg 1024w, https:\/\/www.urbanyte.art\/wp-content\/uploads\/2021\/07\/nespoon-ceramic-768x554.jpg 768w\" sizes=\"auto, (max-width: 1200px) 100vw, 1200px\" \/>                        <\/div>\n<\/div>[vc_column_text]<span style=\"color: #999999;\">Mumbaj, India I 2012<\/span>[\/vc_column_text][vc_empty_space height=&#8221;22px&#8221;][\/vc_column][vc_column width=&#8221;1\/3&#8243;]<div class=\"edgtf-single-image-holder   \">\n    <div class=\"edgtf-si-inner\" >\n                                    <img loading=\"lazy\" decoding=\"async\" width=\"1200\" height=\"866\" src=\"https:\/\/www.urbanyte.art\/wp-content\/uploads\/2021\/07\/newNeSpoon.KohRong.Cambodja.2020.01.jpg\" class=\"attachment-full size-full\" alt=\"\" srcset=\"https:\/\/www.urbanyte.art\/wp-content\/uploads\/2021\/07\/newNeSpoon.KohRong.Cambodja.2020.01.jpg 1200w, https:\/\/www.urbanyte.art\/wp-content\/uploads\/2021\/07\/newNeSpoon.KohRong.Cambodja.2020.01-300x217.jpg 300w, https:\/\/www.urbanyte.art\/wp-content\/uploads\/2021\/07\/newNeSpoon.KohRong.Cambodja.2020.01-1024x739.jpg 1024w, https:\/\/www.urbanyte.art\/wp-content\/uploads\/2021\/07\/newNeSpoon.KohRong.Cambodja.2020.01-768x554.jpg 768w\" sizes=\"auto, (max-width: 1200px) 100vw, 1200px\" \/>                        <\/div>\n<\/div>[vc_column_text]<span style=\"color: #999999;\">KohRong, Cambogia I 2020<\/span>[\/vc_column_text][vc_empty_space height=&#8221;22px&#8221;][\/vc_column][\/vc_row][vc_row][vc_column width=&#8221;1\/3&#8243;]<div class=\"edgtf-single-image-holder   \">\n    <div class=\"edgtf-si-inner\" >\n                                    <img loading=\"lazy\" decoding=\"async\" width=\"1200\" height=\"800\" src=\"https:\/\/www.urbanyte.art\/wp-content\/uploads\/2021\/07\/Bildschirmfoto-2021-07-22-um-20.15.28.jpg\" class=\"attachment-full size-full\" alt=\"\" srcset=\"https:\/\/www.urbanyte.art\/wp-content\/uploads\/2021\/07\/Bildschirmfoto-2021-07-22-um-20.15.28.jpg 1200w, https:\/\/www.urbanyte.art\/wp-content\/uploads\/2021\/07\/Bildschirmfoto-2021-07-22-um-20.15.28-300x200.jpg 300w, https:\/\/www.urbanyte.art\/wp-content\/uploads\/2021\/07\/Bildschirmfoto-2021-07-22-um-20.15.28-1024x683.jpg 1024w, https:\/\/www.urbanyte.art\/wp-content\/uploads\/2021\/07\/Bildschirmfoto-2021-07-22-um-20.15.28-768x512.jpg 768w\" sizes=\"auto, (max-width: 1200px) 100vw, 1200px\" \/>                        <\/div>\n<\/div>[vc_column_text]<span style=\"color: #999999;\">Belorado, Spagna I 2019<\/span>[\/vc_column_text][vc_empty_space height=&#8221;22px&#8221;][\/vc_column][vc_column width=&#8221;1\/3&#8243;]<div class=\"edgtf-single-image-holder   \">\n    <div class=\"edgtf-si-inner\" >\n                                    <img loading=\"lazy\" decoding=\"async\" width=\"1200\" height=\"800\" src=\"https:\/\/www.urbanyte.art\/wp-content\/uploads\/2021\/07\/Bildschirmfoto-2021-07-22-um-18.25.34.png\" class=\"attachment-full size-full\" alt=\"\" srcset=\"https:\/\/www.urbanyte.art\/wp-content\/uploads\/2021\/07\/Bildschirmfoto-2021-07-22-um-18.25.34.png 1200w, https:\/\/www.urbanyte.art\/wp-content\/uploads\/2021\/07\/Bildschirmfoto-2021-07-22-um-18.25.34-300x200.png 300w, https:\/\/www.urbanyte.art\/wp-content\/uploads\/2021\/07\/Bildschirmfoto-2021-07-22-um-18.25.34-1024x683.png 1024w, https:\/\/www.urbanyte.art\/wp-content\/uploads\/2021\/07\/Bildschirmfoto-2021-07-22-um-18.25.34-768x512.png 768w\" sizes=\"auto, (max-width: 1200px) 100vw, 1200px\" \/>                        <\/div>\n<\/div>[vc_column_text]<span style=\"color: #999999;\">Fund\u00e3o, Portugallo I 2014<\/span>[\/vc_column_text][vc_empty_space height=&#8221;22px&#8221;][\/vc_column][vc_column width=&#8221;1\/3&#8243;]<div class=\"edgtf-single-image-holder   \">\n    <div class=\"edgtf-si-inner\" >\n                                    <img loading=\"lazy\" decoding=\"async\" width=\"1200\" height=\"800\" src=\"https:\/\/www.urbanyte.art\/wp-content\/uploads\/2021\/07\/000NeSpoon.Favara.Sicily.IT_.2019.01.jpg\" class=\"attachment-full size-full\" alt=\"\" srcset=\"https:\/\/www.urbanyte.art\/wp-content\/uploads\/2021\/07\/000NeSpoon.Favara.Sicily.IT_.2019.01.jpg 1200w, https:\/\/www.urbanyte.art\/wp-content\/uploads\/2021\/07\/000NeSpoon.Favara.Sicily.IT_.2019.01-300x200.jpg 300w, https:\/\/www.urbanyte.art\/wp-content\/uploads\/2021\/07\/000NeSpoon.Favara.Sicily.IT_.2019.01-1024x683.jpg 1024w, https:\/\/www.urbanyte.art\/wp-content\/uploads\/2021\/07\/000NeSpoon.Favara.Sicily.IT_.2019.01-768x512.jpg 768w\" sizes=\"auto, (max-width: 1200px) 100vw, 1200px\" \/>                        <\/div>\n<\/div>[vc_column_text]<span style=\"color: #999999;\">Favara, Sicilia, Italia I 2019<\/span>[\/vc_column_text][vc_empty_space height=&#8221;22px&#8221;][\/vc_column][\/vc_row][vc_row][vc_column][vc_column_text]<\/p>\n<h5><b>Perch\u00e9 il pizzo?\u00a0<\/b><\/h5>\n<p><span style=\"font-weight: 400;\">Non mi sono mai piaciuti i pizzi. Prima di iniziare a lavorarci, pensavo che il pizzo fosse qualcosa di antiquato, da appartamento polveroso di una nonna. Oggi mi sembra che in ogni pizzo ci sia un codice estetico universale, profondamente radicato in ogni cultura. Quando aggiungo colori alle mie ceramiche, la gente dice che mi ispiro ai mandala tibetani, o alle ceramiche marocchine, o anche all&#8217;arte nativa precolombiana. I motivi di pizzo contengono un codice di bellezza molto basilare, comune alla maggior parte delle persone sulla terra. Penso che sia perch\u00e9 questi motivi vengono dalla natura. Sono presenti tutto intorno a noi, nei calici di fiori, nei fiocchi di neve, nella brina sulla finestra, negli scheletri delle creature marine. Sono pi\u00f9 antichi dell&#8217;umanit\u00e0.<\/span>[\/vc_column_text][vc_empty_space][\/vc_column][\/vc_row][vc_row][vc_column width=&#8221;1\/3&#8243;]<div class=\"edgtf-single-image-holder   \">\n    <div class=\"edgtf-si-inner\" >\n                                    <img loading=\"lazy\" decoding=\"async\" width=\"1200\" height=\"925\" src=\"https:\/\/www.urbanyte.art\/wp-content\/uploads\/2021\/07\/nespoon-4.4.jpg\" class=\"attachment-full size-full\" alt=\"\" srcset=\"https:\/\/www.urbanyte.art\/wp-content\/uploads\/2021\/07\/nespoon-4.4.jpg 1200w, https:\/\/www.urbanyte.art\/wp-content\/uploads\/2021\/07\/nespoon-4.4-300x231.jpg 300w, https:\/\/www.urbanyte.art\/wp-content\/uploads\/2021\/07\/nespoon-4.4-1024x789.jpg 1024w, https:\/\/www.urbanyte.art\/wp-content\/uploads\/2021\/07\/nespoon-4.4-768x592.jpg 768w\" sizes=\"auto, (max-width: 1200px) 100vw, 1200px\" \/>                        <\/div>\n<\/div>[vc_column_text]<span style=\"color: #999999;\">Callac, Francia | 2021\u00a0<\/span>[\/vc_column_text][vc_empty_space height=&#8221;22px&#8221;][\/vc_column][vc_column width=&#8221;1\/3&#8243;]<div class=\"edgtf-single-image-holder   \">\n    <div class=\"edgtf-si-inner\" >\n                                    <img loading=\"lazy\" decoding=\"async\" width=\"1200\" height=\"925\" src=\"https:\/\/www.urbanyte.art\/wp-content\/uploads\/2021\/07\/nespoon-4.5.jpg\" class=\"attachment-full size-full\" alt=\"\" srcset=\"https:\/\/www.urbanyte.art\/wp-content\/uploads\/2021\/07\/nespoon-4.5.jpg 1200w, https:\/\/www.urbanyte.art\/wp-content\/uploads\/2021\/07\/nespoon-4.5-300x231.jpg 300w, https:\/\/www.urbanyte.art\/wp-content\/uploads\/2021\/07\/nespoon-4.5-1024x789.jpg 1024w, https:\/\/www.urbanyte.art\/wp-content\/uploads\/2021\/07\/nespoon-4.5-768x592.jpg 768w\" sizes=\"auto, (max-width: 1200px) 100vw, 1200px\" \/>                        <\/div>\n<\/div>[vc_column_text]<span style=\"color: #999999;\">Le Locle, Svizzera | 2019<\/span>[\/vc_column_text][vc_empty_space height=&#8221;22px&#8221;][\/vc_column][vc_column width=&#8221;1\/3&#8243;]<div class=\"edgtf-single-image-holder   \">\n    <div class=\"edgtf-si-inner\" >\n                                    <img loading=\"lazy\" decoding=\"async\" width=\"1200\" height=\"925\" src=\"https:\/\/www.urbanyte.art\/wp-content\/uploads\/2021\/07\/nespoon-4.6.jpg\" class=\"attachment-full size-full\" alt=\"\" srcset=\"https:\/\/www.urbanyte.art\/wp-content\/uploads\/2021\/07\/nespoon-4.6.jpg 1200w, https:\/\/www.urbanyte.art\/wp-content\/uploads\/2021\/07\/nespoon-4.6-300x231.jpg 300w, https:\/\/www.urbanyte.art\/wp-content\/uploads\/2021\/07\/nespoon-4.6-1024x789.jpg 1024w, https:\/\/www.urbanyte.art\/wp-content\/uploads\/2021\/07\/nespoon-4.6-768x592.jpg 768w\" sizes=\"auto, (max-width: 1200px) 100vw, 1200px\" \/>                        <\/div>\n<\/div>[vc_column_text]<span style=\"color: #999999;\">Sisak, Croazia I 2019<\/span>[\/vc_column_text][vc_empty_space height=&#8221;22px&#8221;][\/vc_column][\/vc_row][vc_row][vc_column width=&#8221;1\/3&#8243;]<div class=\"edgtf-single-image-holder   \">\n    <div class=\"edgtf-si-inner\" >\n                                    <img loading=\"lazy\" decoding=\"async\" width=\"1200\" height=\"799\" src=\"https:\/\/www.urbanyte.art\/wp-content\/uploads\/2021\/07\/nespoon-4.1.jpg\" class=\"attachment-full size-full\" alt=\"\" srcset=\"https:\/\/www.urbanyte.art\/wp-content\/uploads\/2021\/07\/nespoon-4.1.jpg 1200w, https:\/\/www.urbanyte.art\/wp-content\/uploads\/2021\/07\/nespoon-4.1-300x200.jpg 300w, https:\/\/www.urbanyte.art\/wp-content\/uploads\/2021\/07\/nespoon-4.1-1024x682.jpg 1024w, https:\/\/www.urbanyte.art\/wp-content\/uploads\/2021\/07\/nespoon-4.1-768x511.jpg 768w\" sizes=\"auto, (max-width: 1200px) 100vw, 1200px\" \/>                        <\/div>\n<\/div>[vc_column_text]<span style=\"color: #999999;\">Grottaglie, Italia | 2011\u00a0<\/span>[\/vc_column_text][vc_empty_space height=&#8221;22px&#8221;][\/vc_column][vc_column width=&#8221;1\/3&#8243;]<div class=\"edgtf-single-image-holder   \">\n    <div class=\"edgtf-si-inner\" >\n                                    <img loading=\"lazy\" decoding=\"async\" width=\"1200\" height=\"800\" src=\"https:\/\/www.urbanyte.art\/wp-content\/uploads\/2021\/07\/nespoon-4.2.jpg\" class=\"attachment-full size-full\" alt=\"\" srcset=\"https:\/\/www.urbanyte.art\/wp-content\/uploads\/2021\/07\/nespoon-4.2.jpg 1200w, https:\/\/www.urbanyte.art\/wp-content\/uploads\/2021\/07\/nespoon-4.2-300x200.jpg 300w, https:\/\/www.urbanyte.art\/wp-content\/uploads\/2021\/07\/nespoon-4.2-1024x683.jpg 1024w, https:\/\/www.urbanyte.art\/wp-content\/uploads\/2021\/07\/nespoon-4.2-768x512.jpg 768w\" sizes=\"auto, (max-width: 1200px) 100vw, 1200px\" \/>                        <\/div>\n<\/div>[vc_column_text]<span style=\"color: #999999;\">Sisak, Croazia | 2019<\/span>[\/vc_column_text][vc_empty_space height=&#8221;22px&#8221;][\/vc_column][vc_column width=&#8221;1\/3&#8243;]<div class=\"edgtf-single-image-holder   \">\n    <div class=\"edgtf-si-inner\" >\n                                    <img loading=\"lazy\" decoding=\"async\" width=\"1200\" height=\"799\" src=\"https:\/\/www.urbanyte.art\/wp-content\/uploads\/2021\/07\/nespoon-4.3.jpg\" class=\"attachment-full size-full\" alt=\"\" srcset=\"https:\/\/www.urbanyte.art\/wp-content\/uploads\/2021\/07\/nespoon-4.3.jpg 1200w, https:\/\/www.urbanyte.art\/wp-content\/uploads\/2021\/07\/nespoon-4.3-300x200.jpg 300w, https:\/\/www.urbanyte.art\/wp-content\/uploads\/2021\/07\/nespoon-4.3-1024x682.jpg 1024w, https:\/\/www.urbanyte.art\/wp-content\/uploads\/2021\/07\/nespoon-4.3-768x511.jpg 768w\" sizes=\"auto, (max-width: 1200px) 100vw, 1200px\" \/>                        <\/div>\n<\/div>[vc_column_text]<span style=\"color: #999999;\">Fundao, Portugallo | 2014<\/span>[\/vc_column_text][vc_empty_space height=&#8221;22px&#8221;][\/vc_column][\/vc_row][vc_row][vc_column][vc_column_text]<\/p>\n<h5><b>Quali sono le tue fonti di ispirazione?<\/b><\/h5>\n<p><span style=\"font-weight: 400;\">La mia arte \u00e8 sempre fatta in situ, inserita in un contesto locale. Uso sempre modelli di pizzo locali, se esistono. Controllo i musei locali. Rispetto e ricordo il legame emotivo tra singoli modelli e particolari citt\u00e0 o anche particolari gruppi di merlettaie. Se non c&#8217;\u00e8 una tradizione di merletti nella zona in cui lavoro, chiedo dei merletti nelle case di persone anziane che vivono nelle vicinanze. Trovo sempre qualcosa. Il mio ultimo murale, che ho realizzato in Grecia questo mese, si basa su un motivo a merletto fatto dalla madre del proprietario della casa che ho dipinto. <\/span>[\/vc_column_text][vc_empty_space][\/vc_column][\/vc_row][vc_row][vc_column]<div class=\"edgtf-single-image-holder   \">\n    <div class=\"edgtf-si-inner\" >\n                                    <img loading=\"lazy\" decoding=\"async\" width=\"1400\" height=\"525\" src=\"https:\/\/www.urbanyte.art\/wp-content\/uploads\/2021\/07\/NeSpoon.Patras.GR_.06.2021.01.jpg\" class=\"attachment-full size-full\" alt=\"\" srcset=\"https:\/\/www.urbanyte.art\/wp-content\/uploads\/2021\/07\/NeSpoon.Patras.GR_.06.2021.01.jpg 1400w, https:\/\/www.urbanyte.art\/wp-content\/uploads\/2021\/07\/NeSpoon.Patras.GR_.06.2021.01-300x113.jpg 300w, https:\/\/www.urbanyte.art\/wp-content\/uploads\/2021\/07\/NeSpoon.Patras.GR_.06.2021.01-1024x384.jpg 1024w, https:\/\/www.urbanyte.art\/wp-content\/uploads\/2021\/07\/NeSpoon.Patras.GR_.06.2021.01-768x288.jpg 768w\" sizes=\"auto, (max-width: 1400px) 100vw, 1400px\" \/>                        <\/div>\n<\/div>[vc_column_text]<span style=\"color: #999999;\">Art Walk Festival | Patras, Greece | 2021<\/span>[\/vc_column_text][vc_empty_space height=&#8221;22px&#8221;][\/vc_column][\/vc_row][vc_row][vc_column][vc_column_text]<\/p>\n<h5><b>Quali reazioni vuoi evocare nello spettatore?<\/b><\/h5>\n<p><span style=\"font-weight: 400;\">Una volta stavo dipingendo un grande pezzo illegale sotto un cavalcavia, vicino a una chiesa. All&#8217;improvviso arrivarono i poliziotti. Ovviamente non avevo alcun permesso, quindi non mi lasciarono finire e iniziarono a scrivere una multa. In quel momento fin\u00ec la messa nella chiesa l\u00ec vicino e uscirono una dozzina di donne anziane. Quando si avvicinarono e videro quello che stavo dipingendo, gridarono ai poliziotti di lasciarmi in pace. Dopo venti minuti di discussione furono loro ad avere la meglio, i poliziotti se ne andarono e riuscii a finire. Questo \u00e8 il tipo di reazione che vorrei evocare.<\/span>[\/vc_column_text][vc_empty_space height=&#8221;14px&#8221;][vc_column_text]<\/p>\n<h5><b>Quindi pensi che grazie all&#8217;incorporazione di vecchie tradizioni e mestieri nell&#8217;arte pubblica contemporanea, la tua arte possa essere accessibile a pi\u00f9 persone, specialmente alla generazione pi\u00f9 anziana?\u00a0<\/b><\/h5>\n<p><span style=\"font-weight: 400;\">Esattamente. Ma credo anche che le mie opere emettano energia positiva, qualunque cosa significhi. Alla gente piacciono; molte persone sorridono quando le vedono. <\/span>[\/vc_column_text][vc_empty_space][\/vc_column][\/vc_row][vc_row][vc_column width=&#8221;1\/3&#8243;]<div class=\"edgtf-single-image-holder   \">\n    <div class=\"edgtf-si-inner\" >\n                                    <img loading=\"lazy\" decoding=\"async\" width=\"1200\" height=\"798\" src=\"https:\/\/www.urbanyte.art\/wp-content\/uploads\/2021\/07\/000NeSpoon.Warsaw.PL_.2012.06.jpg\" class=\"attachment-full size-full\" alt=\"\" srcset=\"https:\/\/www.urbanyte.art\/wp-content\/uploads\/2021\/07\/000NeSpoon.Warsaw.PL_.2012.06.jpg 1200w, https:\/\/www.urbanyte.art\/wp-content\/uploads\/2021\/07\/000NeSpoon.Warsaw.PL_.2012.06-300x200.jpg 300w, https:\/\/www.urbanyte.art\/wp-content\/uploads\/2021\/07\/000NeSpoon.Warsaw.PL_.2012.06-1024x681.jpg 1024w, https:\/\/www.urbanyte.art\/wp-content\/uploads\/2021\/07\/000NeSpoon.Warsaw.PL_.2012.06-768x511.jpg 768w\" sizes=\"auto, (max-width: 1200px) 100vw, 1200px\" \/>                        <\/div>\n<\/div>[vc_column_text]<span style=\"color: #999999;\">Warsaw, Polonia | 2012<\/span>[\/vc_column_text][vc_empty_space height=&#8221;22px&#8221;][\/vc_column][vc_column width=&#8221;1\/3&#8243;]<div class=\"edgtf-single-image-holder   \">\n    <div class=\"edgtf-si-inner\" >\n                                    <img loading=\"lazy\" decoding=\"async\" width=\"1200\" height=\"798\" src=\"https:\/\/www.urbanyte.art\/wp-content\/uploads\/2021\/07\/000NeSpoon.Warsaw.2015-1.jpg\" class=\"attachment-full size-full\" alt=\"\" srcset=\"https:\/\/www.urbanyte.art\/wp-content\/uploads\/2021\/07\/000NeSpoon.Warsaw.2015-1.jpg 1200w, https:\/\/www.urbanyte.art\/wp-content\/uploads\/2021\/07\/000NeSpoon.Warsaw.2015-1-300x200.jpg 300w, https:\/\/www.urbanyte.art\/wp-content\/uploads\/2021\/07\/000NeSpoon.Warsaw.2015-1-1024x681.jpg 1024w, https:\/\/www.urbanyte.art\/wp-content\/uploads\/2021\/07\/000NeSpoon.Warsaw.2015-1-768x511.jpg 768w\" sizes=\"auto, (max-width: 1200px) 100vw, 1200px\" \/>                        <\/div>\n<\/div>[vc_column_text]<span style=\"color: #999999;\">Warsaw, Polonia | 2013<\/span>[\/vc_column_text][vc_empty_space height=&#8221;22px&#8221;][\/vc_column][vc_column width=&#8221;1\/3&#8243;]<div class=\"edgtf-single-image-holder   \">\n    <div class=\"edgtf-si-inner\" >\n                                    <img loading=\"lazy\" decoding=\"async\" width=\"1200\" height=\"798\" src=\"https:\/\/www.urbanyte.art\/wp-content\/uploads\/2021\/07\/000NeSpoon.Helsinki.FIN_.2018.03.jpg\" class=\"attachment-full size-full\" alt=\"\" srcset=\"https:\/\/www.urbanyte.art\/wp-content\/uploads\/2021\/07\/000NeSpoon.Helsinki.FIN_.2018.03.jpg 1200w, https:\/\/www.urbanyte.art\/wp-content\/uploads\/2021\/07\/000NeSpoon.Helsinki.FIN_.2018.03-300x200.jpg 300w, https:\/\/www.urbanyte.art\/wp-content\/uploads\/2021\/07\/000NeSpoon.Helsinki.FIN_.2018.03-1024x681.jpg 1024w, https:\/\/www.urbanyte.art\/wp-content\/uploads\/2021\/07\/000NeSpoon.Helsinki.FIN_.2018.03-768x511.jpg 768w\" sizes=\"auto, (max-width: 1200px) 100vw, 1200px\" \/>                        <\/div>\n<\/div>[vc_column_text]<\/p>\n<p class=\"fbx-caption-title\"><span style=\"color: #999999;\">Helsinki, Finlandia | 2018<\/span><\/p>\n<p>[\/vc_column_text][vc_empty_space height=&#8221;22px&#8221;][\/vc_column][\/vc_row][vc_row][vc_column][vc_column_text]<\/p>\n<h5><b>Il tuo obiettivo \u00e8 creare &#8220;arte positiva e trattare emozioni positive&#8221;, ma usi le tue opere anche per attirare l&#8217;attenzione su questioni sociali e politiche per te importanti. Quali temi trattano le tue opere? Come riesci a trasmettere temi &#8220;pesanti&#8221; nella tua arte delicata?<\/b><\/h5>\n<p><span style=\"font-weight: 400;\">Nelle mie opere parlo di problemi come l&#8217;imminente crisi dell&#8217;acqua, la deforestazione, i traumi del dopoguerra, la radicalizzazione religiosa o le fake news, ma questi progetti non sono di facile percezione come la street art in pizzo, quindi non sono cos\u00ec popolari. Il mio approccio ai temi difficili \u00e8 come un proverbio: &#8220;Invece di combattere il male, \u00e8 meglio diffondere il bene&#8221;.\u00a0<\/span>[\/vc_column_text][vc_empty_space height=&#8221;22px&#8221;][vc_video link=&#8221;https:\/\/www.youtube.com\/embed\/FaREzWlMtrc&#8221;][vc_empty_space][\/vc_column][\/vc_row][vc_row][vc_column][vc_column_text]<\/p>\n<h5><b>L&#8217;arte di strada pu\u00f2 influenzare i problemi di un Paese? Pensi che l&#8217;arte di strada possa influenzare la societ\u00e0?<\/b><\/h5>\n<p><span style=\"font-weight: 400;\">Vengo dalla Polonia, un Paese dove, negli anni &#8217;80, i graffiti dipinti in massa e l&#8217;arte di strada politica (s\u00ec, l&#8217;avevamo allora) erano strumenti che distruggevano letteralmente l&#8217;immagine di PR del regime comunista.\u00a0<\/span><\/p>\n<p><span style=\"font-weight: 400;\">Naturalmente l&#8217;arte di strada ha il potere di influenzare la societ\u00e0. <\/span><\/p>\n<p><b><i>\u00a0<\/i><\/b>[\/vc_column_text][vc_column_text]<b>Come descriveresti il clima e l&#8217;atmosfera della scena artistica urbana di Varsavia, e della Polonia in generale?\u00a0<\/b><\/p>\n<p><span style=\"font-weight: 400;\">La scena dell&#8217;arte di strada non \u00e8 grande e ci conosciamo tutti. Quando c&#8217;\u00e8 qualcuno di nuovo, cerchiamo di conoscerlo, facciamo qualcosa insieme. \u00c8 un po&#8217; come una famiglia. Mi piace molto far parte di questo gruppo. <\/span>[\/vc_column_text][vc_empty_space][\/vc_column][\/vc_row][vc_row][vc_column width=&#8221;1\/3&#8243;]<div class=\"edgtf-single-image-holder   \">\n    <div class=\"edgtf-si-inner\" >\n                                    <img loading=\"lazy\" decoding=\"async\" width=\"1200\" height=\"871\" src=\"https:\/\/www.urbanyte.art\/wp-content\/uploads\/2021\/07\/NeSpoon.NYX_.Warsaw.08.20.01-2.jpg\" class=\"attachment-full size-full\" alt=\"\" srcset=\"https:\/\/www.urbanyte.art\/wp-content\/uploads\/2021\/07\/NeSpoon.NYX_.Warsaw.08.20.01-2.jpg 1200w, https:\/\/www.urbanyte.art\/wp-content\/uploads\/2021\/07\/NeSpoon.NYX_.Warsaw.08.20.01-2-300x218.jpg 300w, https:\/\/www.urbanyte.art\/wp-content\/uploads\/2021\/07\/NeSpoon.NYX_.Warsaw.08.20.01-2-1024x743.jpg 1024w, https:\/\/www.urbanyte.art\/wp-content\/uploads\/2021\/07\/NeSpoon.NYX_.Warsaw.08.20.01-2-768x557.jpg 768w\" sizes=\"auto, (max-width: 1200px) 100vw, 1200px\" \/>                        <\/div>\n<\/div>[vc_column_text]<span style=\"color: #999999;\">Propaganda Gallery for NYX Hotel<\/span><\/p>\n<p><span style=\"color: #999999;\">Varsavia, Polonia | 2020<\/span>[\/vc_column_text][vc_empty_space height=&#8221;22px&#8221;][\/vc_column][vc_column width=&#8221;1\/3&#8243;]<div class=\"edgtf-single-image-holder   \">\n    <div class=\"edgtf-si-inner\" >\n                                    <img loading=\"lazy\" decoding=\"async\" width=\"1200\" height=\"871\" src=\"https:\/\/www.urbanyte.art\/wp-content\/uploads\/2021\/07\/NeSpoom.Warsaw.PL_.06.2016.01.jpg\" class=\"attachment-full size-full\" alt=\"\" srcset=\"https:\/\/www.urbanyte.art\/wp-content\/uploads\/2021\/07\/NeSpoom.Warsaw.PL_.06.2016.01.jpg 1200w, https:\/\/www.urbanyte.art\/wp-content\/uploads\/2021\/07\/NeSpoom.Warsaw.PL_.06.2016.01-300x218.jpg 300w, https:\/\/www.urbanyte.art\/wp-content\/uploads\/2021\/07\/NeSpoom.Warsaw.PL_.06.2016.01-1024x743.jpg 1024w, https:\/\/www.urbanyte.art\/wp-content\/uploads\/2021\/07\/NeSpoom.Warsaw.PL_.06.2016.01-768x557.jpg 768w\" sizes=\"auto, (max-width: 1200px) 100vw, 1200px\" \/>                        <\/div>\n<\/div>[vc_column_text]<span style=\"color: #999999;\">Varsavia, Polonia | 2016<\/span>[\/vc_column_text][vc_empty_space height=&#8221;22px&#8221;][\/vc_column][vc_column width=&#8221;1\/3&#8243;]<div class=\"edgtf-single-image-holder   \">\n    <div class=\"edgtf-si-inner\" >\n                                    <img loading=\"lazy\" decoding=\"async\" width=\"1219\" height=\"871\" src=\"https:\/\/www.urbanyte.art\/wp-content\/uploads\/2021\/07\/DSC_0235.jpeg\" class=\"attachment-full size-full\" alt=\"\" srcset=\"https:\/\/www.urbanyte.art\/wp-content\/uploads\/2021\/07\/DSC_0235.jpeg 1219w, https:\/\/www.urbanyte.art\/wp-content\/uploads\/2021\/07\/DSC_0235-300x214.jpeg 300w, https:\/\/www.urbanyte.art\/wp-content\/uploads\/2021\/07\/DSC_0235-1024x732.jpeg 1024w, https:\/\/www.urbanyte.art\/wp-content\/uploads\/2021\/07\/DSC_0235-768x549.jpeg 768w\" sizes=\"auto, (max-width: 1219px) 100vw, 1219px\" \/>                        <\/div>\n<\/div>[vc_column_text]<span style=\"color: #999999;\">Varsavia, Polonia | 2019<\/span>[\/vc_column_text][vc_empty_space height=&#8221;22px&#8221;][\/vc_column][\/vc_row][vc_row][vc_column][vc_column_text]<\/p>\n<h5><b>Cosa c&#8217;\u00e8 dopo per te? Qualche progetto o sogno per il futuro?<\/b><\/h5>\n<p><span style=\"font-weight: 400;\">Il mio obiettivo \u00e8 fare installazioni multimediali su larga scala in spazi pubblici. La prima sar\u00e0 a Berlino, davanti al Reichstag. Alla mostra del 2042 presenter\u00f2 il mio progetto &#8220;Pensieri&#8221;, iniziato nel 2012.\u00a0 Ogni anno creo piccole forme di porcellana a forma di petalo per diversi mesi. Riesco a produrre circa 50kg di questi petali di ceramica all&#8217;anno. Oggi ce ne sono 400kg, e 1.500kg saranno esposti nel 2042.<\/span><\/p>\n<p><b><i>\u00a0<\/i><\/b>[\/vc_column_text][vc_empty_space][\/vc_column][\/vc_row][vc_row][vc_column]<div class=\"edgtf-single-image-holder   \">\n    <div class=\"edgtf-si-inner\" >\n                                    <img loading=\"lazy\" decoding=\"async\" width=\"1400\" height=\"932\" src=\"https:\/\/www.urbanyte.art\/wp-content\/uploads\/2021\/07\/Nespoon-clusure-pic-ceramics.jpg\" class=\"attachment-full size-full\" alt=\"\" srcset=\"https:\/\/www.urbanyte.art\/wp-content\/uploads\/2021\/07\/Nespoon-clusure-pic-ceramics.jpg 1400w, https:\/\/www.urbanyte.art\/wp-content\/uploads\/2021\/07\/Nespoon-clusure-pic-ceramics-300x200.jpg 300w, https:\/\/www.urbanyte.art\/wp-content\/uploads\/2021\/07\/Nespoon-clusure-pic-ceramics-1024x682.jpg 1024w, https:\/\/www.urbanyte.art\/wp-content\/uploads\/2021\/07\/Nespoon-clusure-pic-ceramics-768x511.jpg 768w\" sizes=\"auto, (max-width: 1400px) 100vw, 1400px\" \/>                        <\/div>\n<\/div>[vc_empty_space height=&#8221;10px&#8221;][\/vc_column][\/vc_row][vc_row][vc_column css=&#8221;.vc_custom_1605308793996{margin-top: 32px !important;}&#8221;][vc_column_text]NESPOON<\/p>\n<p>Varsavia, Polonia<\/p>\n<p>Website <strong><a href=\"https:\/\/nespoon.art\/\" target=\"_blank\" rel=\"noopener\">nespoon.art<\/a><\/strong><\/p>\n<p><span style=\"font-weight: 400;\">Instagram <\/span><a href=\"https:\/\/www.instagram.com\/nes.poon\/\" target=\"_blank\" rel=\"noopener\"><span style=\"font-weight: 400;\"><span style=\"color: #000000;\"><b>nes.spoon<\/b><\/span><\/span><\/a><\/p>\n<p>Facebook <a href=\"https:\/\/www.facebook.com\/nes.nespoon\" target=\"_blank\" rel=\"noopener\"><span style=\"color: #000000;\"><b>nes.nespoon<\/b><\/span><\/a>[\/vc_column_text][\/vc_column][\/vc_row][vc_row css=&#8221;.vc_custom_1605313463281{margin-top: 5px !important;border-top-width: 20px !important;}&#8221;][vc_column][vc_column_text]_______________________________________<\/p>\n<p>&nbsp;<\/p>\n<p>Immagini \u00a9 NeSpoon<\/p>\n<p>&nbsp;<\/p>\n<p>Luglio 2021<\/p>\n<p>by Laura Vetter[\/vc_column_text][\/vc_column][\/vc_row]<\/p>\n<\/section>","protected":false},"excerpt":{"rendered":"<p>Intervista con l&#8217;artista di strada polacca NeSpoon: &#8220;Non mi sono mai piaciuti i pizzi. Prima di iniziare a lavorarci, pensavo che il pizzo fosse qualcosa di antiquato, da appartamento polveroso di una nonna. Oggi mi sembra che in ogni pizzo ci sia un codice estetico universale, profondamente radicato in ogni cultura.&#8221;<\/p>\n","protected":false},"author":1,"featured_media":7908,"comment_status":"open","ping_status":"open","sticky":false,"template":"","format":"standard","meta":{"_mi_skip_tracking":false,"footnotes":""},"categories":[127],"tags":[129,247,249],"class_list":["post-7897","post","type-post","status-publish","format-standard","has-post-thumbnail","hentry","category-urban-talks-it-2","tag-intervista","tag-neonart-it","tag-spagnolo"],"yoast_head":"<!-- This site is optimized with the Yoast SEO plugin v20.6 - https:\/\/yoast.com\/wordpress\/plugins\/seo\/ -->\n<title>URBAN.TALKS - NESPOON - URBANYTE<\/title>\n<meta name=\"description\" content=\"Intervista con l&#039;artista di strada polacca NeSpoon: &quot;Non mi sono mai piaciuti i pizzi. Prima di iniziare a lavorarci, pensavo che il pizzo fosse qualcosa di antiquato, da appartamento polveroso di una nonna. Oggi mi sembra che in ogni pizzo ci sia un codice estetico universale, profondamente radicato in ogni cultura.&quot;\" \/>\n<meta name=\"robots\" content=\"index, follow, max-snippet:-1, max-image-preview:large, max-video-preview:-1\" \/>\n<link rel=\"canonical\" href=\"https:\/\/www.urbanyte.art\/it\/nespoon\/\" \/>\n<meta property=\"og:locale\" content=\"it_IT\" \/>\n<meta property=\"og:type\" content=\"article\" \/>\n<meta property=\"og:title\" content=\"URBAN.TALKS - NESPOON - URBANYTE\" \/>\n<meta property=\"og:description\" content=\"Intervista con l&#039;artista di strada polacca NeSpoon: &quot;Non mi sono mai piaciuti i pizzi. Prima di iniziare a lavorarci, pensavo che il pizzo fosse qualcosa di antiquato, da appartamento polveroso di una nonna. Oggi mi sembra che in ogni pizzo ci sia un codice estetico universale, profondamente radicato in ogni cultura.&quot;\" \/>\n<meta property=\"og:url\" content=\"https:\/\/www.urbanyte.art\/it\/nespoon\/\" \/>\n<meta property=\"og:site_name\" content=\"URBANYTE\" \/>\n<meta property=\"article:publisher\" content=\"https:\/\/www.facebook.com\/urbanyte.art\" \/>\n<meta property=\"article:author\" content=\"https:\/\/www.facebook.com\/urbanyte.art\/\" \/>\n<meta property=\"article:published_time\" content=\"2021-07-23T16:01:03+00:00\" \/>\n<meta property=\"article:modified_time\" content=\"2021-08-13T08:25:51+00:00\" \/>\n<meta property=\"og:image\" content=\"https:\/\/www.urbanyte.art\/wp-content\/uploads\/2021\/07\/Nespoon-2.jpg\" \/>\n\t<meta property=\"og:image:width\" content=\"1300\" \/>\n\t<meta property=\"og:image:height\" content=\"730\" \/>\n\t<meta property=\"og:image:type\" content=\"image\/jpeg\" \/>\n<meta name=\"author\" content=\"URBANYTE\" \/>\n<meta name=\"twitter:card\" content=\"summary_large_image\" \/>\n<meta name=\"twitter:label1\" content=\"Scritto da\" \/>\n\t<meta name=\"twitter:data1\" content=\"URBANYTE\" \/>\n\t<meta name=\"twitter:label2\" content=\"Tempo di lettura stimato\" \/>\n\t<meta name=\"twitter:data2\" content=\"6 minuti\" \/>\n<script type=\"application\/ld+json\" class=\"yoast-schema-graph\">{\"@context\":\"https:\/\/schema.org\",\"@graph\":[{\"@type\":\"Article\",\"@id\":\"https:\/\/www.urbanyte.art\/it\/nespoon\/#article\",\"isPartOf\":{\"@id\":\"https:\/\/www.urbanyte.art\/it\/nespoon\/\"},\"author\":{\"name\":\"URBANYTE\",\"@id\":\"https:\/\/www.urbanyte.art\/it\/#\/schema\/person\/cba1493b26e05acb123c4aff893f31b3\"},\"headline\":\"NESPOON\",\"datePublished\":\"2021-07-23T16:01:03+00:00\",\"dateModified\":\"2021-08-13T08:25:51+00:00\",\"mainEntityOfPage\":{\"@id\":\"https:\/\/www.urbanyte.art\/it\/nespoon\/\"},\"wordCount\":2130,\"commentCount\":0,\"publisher\":{\"@id\":\"https:\/\/www.urbanyte.art\/it\/#organization\"},\"keywords\":[\"intervista\",\"neonart\",\"spagnolo\"],\"articleSection\":[\"URBAN.TALKS\"],\"inLanguage\":\"it-IT\",\"potentialAction\":[{\"@type\":\"CommentAction\",\"name\":\"Comment\",\"target\":[\"https:\/\/www.urbanyte.art\/it\/nespoon\/#respond\"]}]},{\"@type\":\"WebPage\",\"@id\":\"https:\/\/www.urbanyte.art\/it\/nespoon\/\",\"url\":\"https:\/\/www.urbanyte.art\/it\/nespoon\/\",\"name\":\"URBAN.TALKS - NESPOON - URBANYTE\",\"isPartOf\":{\"@id\":\"https:\/\/www.urbanyte.art\/it\/#website\"},\"datePublished\":\"2021-07-23T16:01:03+00:00\",\"dateModified\":\"2021-08-13T08:25:51+00:00\",\"description\":\"Intervista con l'artista di strada polacca NeSpoon: \\\"Non mi sono mai piaciuti i pizzi. Prima di iniziare a lavorarci, pensavo che il pizzo fosse qualcosa di antiquato, da appartamento polveroso di una nonna. Oggi mi sembra che in ogni pizzo ci sia un codice estetico universale, profondamente radicato in ogni cultura.\\\"\",\"breadcrumb\":{\"@id\":\"https:\/\/www.urbanyte.art\/it\/nespoon\/#breadcrumb\"},\"inLanguage\":\"it-IT\",\"potentialAction\":[{\"@type\":\"ReadAction\",\"target\":[\"https:\/\/www.urbanyte.art\/it\/nespoon\/\"]}]},{\"@type\":\"BreadcrumbList\",\"@id\":\"https:\/\/www.urbanyte.art\/it\/nespoon\/#breadcrumb\",\"itemListElement\":[{\"@type\":\"ListItem\",\"position\":1,\"name\":\"Home\",\"item\":\"https:\/\/www.urbanyte.art\/it\/\"},{\"@type\":\"ListItem\",\"position\":2,\"name\":\"NESPOON\"}]},{\"@type\":\"WebSite\",\"@id\":\"https:\/\/www.urbanyte.art\/it\/#website\",\"url\":\"https:\/\/www.urbanyte.art\/it\/\",\"name\":\"URBANYTE\",\"description\":\"arte contemporanea urbana e indipendente\",\"publisher\":{\"@id\":\"https:\/\/www.urbanyte.art\/it\/#organization\"},\"potentialAction\":[{\"@type\":\"SearchAction\",\"target\":{\"@type\":\"EntryPoint\",\"urlTemplate\":\"https:\/\/www.urbanyte.art\/it\/?s={search_term_string}\"},\"query-input\":\"required name=search_term_string\"}],\"inLanguage\":\"it-IT\"},{\"@type\":\"Organization\",\"@id\":\"https:\/\/www.urbanyte.art\/it\/#organization\",\"name\":\"URBANYTE\",\"url\":\"https:\/\/www.urbanyte.art\/it\/\",\"logo\":{\"@type\":\"ImageObject\",\"inLanguage\":\"it-IT\",\"@id\":\"https:\/\/www.urbanyte.art\/it\/#\/schema\/logo\/image\/\",\"url\":\"https:\/\/www.urbanyte.art\/wp-content\/uploads\/2020\/11\/URBANYTE_padded_logo.png\",\"contentUrl\":\"https:\/\/www.urbanyte.art\/wp-content\/uploads\/2020\/11\/URBANYTE_padded_logo.png\",\"width\":512,\"height\":512,\"caption\":\"URBANYTE\"},\"image\":{\"@id\":\"https:\/\/www.urbanyte.art\/it\/#\/schema\/logo\/image\/\"},\"sameAs\":[\"https:\/\/www.facebook.com\/urbanyte.art\",\"https:\/\/www.instagram.com\/urbanyte.art\/\",\"https:\/\/www.linkedin.com\/company\/urbanyte\"]},{\"@type\":\"Person\",\"@id\":\"https:\/\/www.urbanyte.art\/it\/#\/schema\/person\/cba1493b26e05acb123c4aff893f31b3\",\"name\":\"URBANYTE\",\"image\":{\"@type\":\"ImageObject\",\"inLanguage\":\"it-IT\",\"@id\":\"https:\/\/www.urbanyte.art\/it\/#\/schema\/person\/image\/\",\"url\":\"https:\/\/secure.gravatar.com\/avatar\/2766a446626d719d2a44e941c3e107ef951bdb15674ed9d7f5b897068d8157ac?s=96&d=mm&r=g\",\"contentUrl\":\"https:\/\/secure.gravatar.com\/avatar\/2766a446626d719d2a44e941c3e107ef951bdb15674ed9d7f5b897068d8157ac?s=96&d=mm&r=g\",\"caption\":\"URBANYTE\"},\"sameAs\":[\"http:\/\/www.urbanyte.art\",\"https:\/\/www.facebook.com\/urbanyte.art\/\",\"https:\/\/www.instagram.com\/urbanyte.art\/\",\"https:\/\/www.linkedin.com\/company\/urbanyte\"]}]}<\/script>\n<!-- \/ Yoast SEO plugin. -->","yoast_head_json":{"title":"URBAN.TALKS - NESPOON - URBANYTE","description":"Intervista con l'artista di strada polacca NeSpoon: \"Non mi sono mai piaciuti i pizzi. Prima di iniziare a lavorarci, pensavo che il pizzo fosse qualcosa di antiquato, da appartamento polveroso di una nonna. Oggi mi sembra che in ogni pizzo ci sia un codice estetico universale, profondamente radicato in ogni cultura.\"","robots":{"index":"index","follow":"follow","max-snippet":"max-snippet:-1","max-image-preview":"max-image-preview:large","max-video-preview":"max-video-preview:-1"},"canonical":"https:\/\/www.urbanyte.art\/it\/nespoon\/","og_locale":"it_IT","og_type":"article","og_title":"URBAN.TALKS - NESPOON - URBANYTE","og_description":"Intervista con l'artista di strada polacca NeSpoon: \"Non mi sono mai piaciuti i pizzi. Prima di iniziare a lavorarci, pensavo che il pizzo fosse qualcosa di antiquato, da appartamento polveroso di una nonna. Oggi mi sembra che in ogni pizzo ci sia un codice estetico universale, profondamente radicato in ogni cultura.\"","og_url":"https:\/\/www.urbanyte.art\/it\/nespoon\/","og_site_name":"URBANYTE","article_publisher":"https:\/\/www.facebook.com\/urbanyte.art","article_author":"https:\/\/www.facebook.com\/urbanyte.art\/","article_published_time":"2021-07-23T16:01:03+00:00","article_modified_time":"2021-08-13T08:25:51+00:00","og_image":[{"width":1300,"height":730,"url":"https:\/\/www.urbanyte.art\/wp-content\/uploads\/2021\/07\/Nespoon-2.jpg","type":"image\/jpeg"}],"author":"URBANYTE","twitter_card":"summary_large_image","twitter_misc":{"Scritto da":"URBANYTE","Tempo di lettura stimato":"6 minuti"},"schema":{"@context":"https:\/\/schema.org","@graph":[{"@type":"Article","@id":"https:\/\/www.urbanyte.art\/it\/nespoon\/#article","isPartOf":{"@id":"https:\/\/www.urbanyte.art\/it\/nespoon\/"},"author":{"name":"URBANYTE","@id":"https:\/\/www.urbanyte.art\/it\/#\/schema\/person\/cba1493b26e05acb123c4aff893f31b3"},"headline":"NESPOON","datePublished":"2021-07-23T16:01:03+00:00","dateModified":"2021-08-13T08:25:51+00:00","mainEntityOfPage":{"@id":"https:\/\/www.urbanyte.art\/it\/nespoon\/"},"wordCount":2130,"commentCount":0,"publisher":{"@id":"https:\/\/www.urbanyte.art\/it\/#organization"},"keywords":["intervista","neonart","spagnolo"],"articleSection":["URBAN.TALKS"],"inLanguage":"it-IT","potentialAction":[{"@type":"CommentAction","name":"Comment","target":["https:\/\/www.urbanyte.art\/it\/nespoon\/#respond"]}]},{"@type":"WebPage","@id":"https:\/\/www.urbanyte.art\/it\/nespoon\/","url":"https:\/\/www.urbanyte.art\/it\/nespoon\/","name":"URBAN.TALKS - NESPOON - URBANYTE","isPartOf":{"@id":"https:\/\/www.urbanyte.art\/it\/#website"},"datePublished":"2021-07-23T16:01:03+00:00","dateModified":"2021-08-13T08:25:51+00:00","description":"Intervista con l'artista di strada polacca NeSpoon: \"Non mi sono mai piaciuti i pizzi. Prima di iniziare a lavorarci, pensavo che il pizzo fosse qualcosa di antiquato, da appartamento polveroso di una nonna. Oggi mi sembra che in ogni pizzo ci sia un codice estetico universale, profondamente radicato in ogni cultura.\"","breadcrumb":{"@id":"https:\/\/www.urbanyte.art\/it\/nespoon\/#breadcrumb"},"inLanguage":"it-IT","potentialAction":[{"@type":"ReadAction","target":["https:\/\/www.urbanyte.art\/it\/nespoon\/"]}]},{"@type":"BreadcrumbList","@id":"https:\/\/www.urbanyte.art\/it\/nespoon\/#breadcrumb","itemListElement":[{"@type":"ListItem","position":1,"name":"Home","item":"https:\/\/www.urbanyte.art\/it\/"},{"@type":"ListItem","position":2,"name":"NESPOON"}]},{"@type":"WebSite","@id":"https:\/\/www.urbanyte.art\/it\/#website","url":"https:\/\/www.urbanyte.art\/it\/","name":"URBANYTE","description":"arte contemporanea urbana e indipendente","publisher":{"@id":"https:\/\/www.urbanyte.art\/it\/#organization"},"potentialAction":[{"@type":"SearchAction","target":{"@type":"EntryPoint","urlTemplate":"https:\/\/www.urbanyte.art\/it\/?s={search_term_string}"},"query-input":"required name=search_term_string"}],"inLanguage":"it-IT"},{"@type":"Organization","@id":"https:\/\/www.urbanyte.art\/it\/#organization","name":"URBANYTE","url":"https:\/\/www.urbanyte.art\/it\/","logo":{"@type":"ImageObject","inLanguage":"it-IT","@id":"https:\/\/www.urbanyte.art\/it\/#\/schema\/logo\/image\/","url":"https:\/\/www.urbanyte.art\/wp-content\/uploads\/2020\/11\/URBANYTE_padded_logo.png","contentUrl":"https:\/\/www.urbanyte.art\/wp-content\/uploads\/2020\/11\/URBANYTE_padded_logo.png","width":512,"height":512,"caption":"URBANYTE"},"image":{"@id":"https:\/\/www.urbanyte.art\/it\/#\/schema\/logo\/image\/"},"sameAs":["https:\/\/www.facebook.com\/urbanyte.art","https:\/\/www.instagram.com\/urbanyte.art\/","https:\/\/www.linkedin.com\/company\/urbanyte"]},{"@type":"Person","@id":"https:\/\/www.urbanyte.art\/it\/#\/schema\/person\/cba1493b26e05acb123c4aff893f31b3","name":"URBANYTE","image":{"@type":"ImageObject","inLanguage":"it-IT","@id":"https:\/\/www.urbanyte.art\/it\/#\/schema\/person\/image\/","url":"https:\/\/secure.gravatar.com\/avatar\/2766a446626d719d2a44e941c3e107ef951bdb15674ed9d7f5b897068d8157ac?s=96&d=mm&r=g","contentUrl":"https:\/\/secure.gravatar.com\/avatar\/2766a446626d719d2a44e941c3e107ef951bdb15674ed9d7f5b897068d8157ac?s=96&d=mm&r=g","caption":"URBANYTE"},"sameAs":["http:\/\/www.urbanyte.art","https:\/\/www.facebook.com\/urbanyte.art\/","https:\/\/www.instagram.com\/urbanyte.art\/","https:\/\/www.linkedin.com\/company\/urbanyte"]}]}},"_links":{"self":[{"href":"https:\/\/www.urbanyte.art\/it\/wp-json\/wp\/v2\/posts\/7897","targetHints":{"allow":["GET"]}}],"collection":[{"href":"https:\/\/www.urbanyte.art\/it\/wp-json\/wp\/v2\/posts"}],"about":[{"href":"https:\/\/www.urbanyte.art\/it\/wp-json\/wp\/v2\/types\/post"}],"author":[{"embeddable":true,"href":"https:\/\/www.urbanyte.art\/it\/wp-json\/wp\/v2\/users\/1"}],"replies":[{"embeddable":true,"href":"https:\/\/www.urbanyte.art\/it\/wp-json\/wp\/v2\/comments?post=7897"}],"version-history":[{"count":10,"href":"https:\/\/www.urbanyte.art\/it\/wp-json\/wp\/v2\/posts\/7897\/revisions"}],"predecessor-version":[{"id":8042,"href":"https:\/\/www.urbanyte.art\/it\/wp-json\/wp\/v2\/posts\/7897\/revisions\/8042"}],"wp:featuredmedia":[{"embeddable":true,"href":"https:\/\/www.urbanyte.art\/it\/wp-json\/wp\/v2\/media\/7908"}],"wp:attachment":[{"href":"https:\/\/www.urbanyte.art\/it\/wp-json\/wp\/v2\/media?parent=7897"}],"wp:term":[{"taxonomy":"category","embeddable":true,"href":"https:\/\/www.urbanyte.art\/it\/wp-json\/wp\/v2\/categories?post=7897"},{"taxonomy":"post_tag","embeddable":true,"href":"https:\/\/www.urbanyte.art\/it\/wp-json\/wp\/v2\/tags?post=7897"}],"curies":[{"name":"wp","href":"https:\/\/api.w.org\/{rel}","templated":true}]}}